{"id":38368,"date":"2022-04-20T06:50:47","date_gmt":"2022-04-20T04:50:47","guid":{"rendered":"http:\/\/iuzb.de\/?p=38368"},"modified":"2022-04-23T17:25:48","modified_gmt":"2022-04-23T15:25:48","slug":"__trashed-2","status":"publish","type":"post","link":"https:\/\/iuzb.de\/?p=38368","title":{"rendered":"Geleakt: Der Verband der Zahn\u00e4rztinnen und Zahn\u00e4rzte von Berlin oder: &#8222;Dumm gelaufen!&#8220;"},"content":{"rendered":"<p><img loading=\"lazy\" decoding=\"async\" class=\"alignnone size-full wp-image-38371\" src=\"https:\/\/iuzb.de\/wp-content\/uploads\/2022\/04\/IUZB-in-Partnerschaft-mit-DAZ-und-Fraktion-Gesundheit-png-300-1.png\" alt=\"\" width=\"300\" height=\"272\" srcset=\"https:\/\/iuzb.de\/wp-content\/uploads\/2022\/04\/IUZB-in-Partnerschaft-mit-DAZ-und-Fraktion-Gesundheit-png-300-1.png 300w, https:\/\/iuzb.de\/wp-content\/uploads\/2022\/04\/IUZB-in-Partnerschaft-mit-DAZ-und-Fraktion-Gesundheit-png-300-1-132x120.png 132w\" sizes=\"auto, (max-width: 300px) 100vw, 300px\" \/><\/p>\n<p style=\"text-align: justify;\"><span style=\"color: #ffffff;\">.<\/span><\/p>\n<p style=\"text-align: justify;\">Der nachfolgende &#8222;<em>Beitrag<\/em>&#8220; wurde auf der Webseite des Verbandes der Zahn\u00e4rzteinnen und Zahn\u00e4rzte von Berlin ver\u00f6ffentlicht, am 06. April 2022 von Google gescannt und dort im Cache abgespeichert. Dumm nur, dass dieser &#8222;<em>Beitrag<\/em>&#8220; noch gar nicht ver\u00f6ffentlicht werden sollte, so wurde er offenbar wieder von der Webseite genommen, um ihn als Wahlkampfmunition gegen uns bereitzuhalten. Dumm nur, dass wir ihn zuf\u00e4llig gefunden haben. Dumm gelaufen also:<\/p>\n<blockquote>\n<p style=\"text-align: justify;\"><strong>Das System IUZB: Neid, L\u00fcgen, Missgunst und pers\u00f6nliche Anfeindungen \u2013 Ein Beitrag von J\u00f6rg Meyer (1. Vorsitzender der KZV-Berlin)<\/strong><\/p>\n<p style=\"text-align: justify;\"><a href=\"https:\/\/iuzb.de\/wp-content\/uploads\/2022\/04\/Bild-01.png\" target=\"_blank\" rel=\"noopener\"><img loading=\"lazy\" decoding=\"async\" class=\"alignnone wp-image-38372 size-medium\" src=\"https:\/\/iuzb.de\/wp-content\/uploads\/2022\/04\/Bild-01-450x167.png\" alt=\"\" width=\"450\" height=\"167\" srcset=\"https:\/\/iuzb.de\/wp-content\/uploads\/2022\/04\/Bild-01-450x167.png 450w, https:\/\/iuzb.de\/wp-content\/uploads\/2022\/04\/Bild-01-323x120.png 323w, https:\/\/iuzb.de\/wp-content\/uploads\/2022\/04\/Bild-01-768x285.png 768w, https:\/\/iuzb.de\/wp-content\/uploads\/2022\/04\/Bild-01.png 1424w\" sizes=\"auto, (max-width: 450px) 100vw, 450px\" \/><\/a><\/p>\n<\/blockquote>\n<p>Und nun?<\/p>\n<p style=\"text-align: justify;\"><strong>Wenn auch Sie in den n\u00e4chsten Tagen &#8211; unter missbr\u00e4uchlicher Nutzung seiner derzeitigen T\u00e4tigkeit &#8211; diesen &#8222;<em>Beitrag<\/em>&#8220; des KZV Vorsitzenden Dr. J\u00f6rg Meyer als Wahlwerbung erhalten, in dem er Sie um ihre Stimme zu seiner Wiederwahl als Vorsitzenden der Kassenzahn\u00e4rztlichen Vereinigung Berlin bittet, sollten Sie zur Verifizierung seiner Behauptungen \u00fcber die IUZB unsere Internetseite zu Rate ziehen. Schnell wird Ihnen auffallen, dass der Kollege Meyer es schon in den zur\u00fcckliegenden Jahren mit der Wahrheit nicht besonders genau genommen hat.<\/strong><\/p>\n<p><span style=\"color: #ffffff;\">.<\/span><\/p>\n<table style=\"border-collapse: collapse; width: 100%;\">\n<tbody>\n<tr>\n<td style=\"width: 100%; background-color: #008889; vertical-align: top; text-align: center;\"><span style=\"color: #ffffff;\"><strong>W\u00e4hlen Sie die Liste 2 &#8211; IUZB.<\/strong><\/span><\/p>\n<p><span style=\"color: #ffffff;\"><strong>Sie k\u00f6nnen sicher sein, dass dann dem Meyer\/Husemann\/Pochhammer Kl\u00fcngel ein Ende bereitet wird.<\/strong><\/span><\/td>\n<\/tr>\n<\/tbody>\n<\/table>\n<p><span style=\"color: #ffffff;\">.<\/span><\/p>\n<p><span style=\"text-decoration: underline;\">Materialienauswahl:<\/span><\/p>\n<table style=\"border-collapse: collapse; width: 100%;\">\n<tbody>\n<tr>\n<td style=\"width: 9.42857%; text-align: left; vertical-align: top;\">zm:<\/td>\n<td style=\"width: 90.5714%; text-align: left; vertical-align: top;\">1. <a href=\"https:\/\/www.zm-online.de\/news\/praxis\/175000-euro-reinertrag-je-praxisinhaber\/\" target=\"_blank\" rel=\"noopener\">Statistisches Bundesamt: 175.000 Euro Reinertrag je Praxisinhaber<\/a><br \/>\n2. <a href=\"https:\/\/www.zm-online.de\/news\/nachrichten\/verfuegbares-einkommen-je-kassenzahnarzt-86600-euro\/\" target=\"_blank\" rel=\"noopener\">Verf\u00fcgbares Einkommen je Kassenzahnarzt: 86.600 Euro<\/a><\/td>\n<\/tr>\n<tr>\n<td style=\"width: 9.42857%; text-align: left; vertical-align: top;\">Meyer:<\/td>\n<td style=\"width: 90.5714%; text-align: left; vertical-align: top;\">1. IUZB: <a href=\"https:\/\/iuzb.de\/?p=202\" target=\"_blank\" rel=\"noopener\">Pr\u00fcfbericht der Aufsichtsbeh\u00f6rde untermauert Skandal um Nachtnotfalldienst am Friedrichshain<\/a><br \/>\n2. IUZB: <a href=\"https:\/\/iuzb.de\/?p=260\" target=\"_blank\" rel=\"noopener\">Tagesspiegel: Krisensitzung bei den Zahn\u00e4rzten<\/a><br \/>\n3. IUZB: <a href=\"https:\/\/iuzb.de\/?cat=128\" target=\"_blank\" rel=\"noopener\">Kategorie Nachtnofalldienstskandal<\/a><\/td>\n<\/tr>\n<tr>\n<td style=\"width: 9.42857%; text-align: left; vertical-align: top;\">KZV:<\/td>\n<td style=\"width: 90.5714%; text-align: left; vertical-align: top;\">IUZB: <a href=\"https:\/\/iuzb.de\/?p=1472\" target=\"_blank\" rel=\"noopener\">KZV Berlin: IUZB-Antrag: LKA-Bericht soll als RPA-Bericht 2004 verwendet werden<\/a><\/td>\n<\/tr>\n<\/tbody>\n<\/table>\n<p>&nbsp;<\/p>\n<p><img loading=\"lazy\" decoding=\"async\" class=\"wp-image-38383 alignleft\" src=\"https:\/\/iuzb.de\/wp-content\/uploads\/2022\/04\/01_Portraits_Gneist-scaled-1-248x300-1.jpg\" alt=\"\" width=\"150\" height=\"181\" srcset=\"https:\/\/iuzb.de\/wp-content\/uploads\/2022\/04\/01_Portraits_Gneist-scaled-1-248x300-1.jpg 248w, https:\/\/iuzb.de\/wp-content\/uploads\/2022\/04\/01_Portraits_Gneist-scaled-1-248x300-1-99x120.jpg 99w\" sizes=\"auto, (max-width: 150px) 100vw, 150px\" \/><\/p>\n<p>&nbsp;<\/p>\n<p><strong>Gerhard Gneist<\/strong><\/p>\n<p>Vertrauensperson<br \/>\n<strong><span style=\"color: #008889;\">Liste 2 &#8211; IUZB<\/span><\/strong><br \/>\nInitiaive Unabh\u00e4ngige Zahn\u00e4rzte Berlin e.V.<\/p>\n","protected":false},"excerpt":{"rendered":"<p>. Der nachfolgende &#8222;Beitrag&#8220; wurde auf der Webseite des Verbandes der Zahn\u00e4rzteinnen und Zahn\u00e4rzte von Berlin ver\u00f6ffentlicht, am 06. April 2022 von Google gescannt und dort im Cache abgespeichert. Dumm [&#8230;]<\/p>\n","protected":false},"author":13,"featured_media":38403,"comment_status":"open","ping_status":"closed","sticky":false,"template":"","format":"standard","meta":{"ngg_post_thumbnail":0,"iawp_total_views":8,"footnotes":""},"categories":[242,276,95],"tags":[],"class_list":["post-38368","post","type-post","status-publish","format-standard","has-post-thumbnail","hentry","category-infobriefe","category-kzv-wahl-2022","category-vdzvb"],"_links":{"self":[{"href":"https:\/\/iuzb.de\/index.php?rest_route=\/wp\/v2\/posts\/38368","targetHints":{"allow":["GET"]}}],"collection":[{"href":"https:\/\/iuzb.de\/index.php?rest_route=\/wp\/v2\/posts"}],"about":[{"href":"https:\/\/iuzb.de\/index.php?rest_route=\/wp\/v2\/types\/post"}],"author":[{"embeddable":true,"href":"https:\/\/iuzb.de\/index.php?rest_route=\/wp\/v2\/users\/13"}],"replies":[{"embeddable":true,"href":"https:\/\/iuzb.de\/index.php?rest_route=%2Fwp%2Fv2%2Fcomments&post=38368"}],"version-history":[{"count":32,"href":"https:\/\/iuzb.de\/index.php?rest_route=\/wp\/v2\/posts\/38368\/revisions"}],"predecessor-version":[{"id":38405,"href":"https:\/\/iuzb.de\/index.php?rest_route=\/wp\/v2\/posts\/38368\/revisions\/38405"}],"wp:featuredmedia":[{"embeddable":true,"href":"https:\/\/iuzb.de\/index.php?rest_route=\/wp\/v2\/media\/38403"}],"wp:attachment":[{"href":"https:\/\/iuzb.de\/index.php?rest_route=%2Fwp%2Fv2%2Fmedia&parent=38368"}],"wp:term":[{"taxonomy":"category","embeddable":true,"href":"https:\/\/iuzb.de\/index.php?rest_route=%2Fwp%2Fv2%2Fcategories&post=38368"},{"taxonomy":"post_tag","embeddable":true,"href":"https:\/\/iuzb.de\/index.php?rest_route=%2Fwp%2Fv2%2Ftags&post=38368"}],"curies":[{"name":"wp","href":"https:\/\/api.w.org\/{rel}","templated":true}]}}