{"id":38302,"date":"2022-04-15T07:35:49","date_gmt":"2022-04-15T05:35:49","guid":{"rendered":"http:\/\/iuzb.de\/?p=38302"},"modified":"2022-04-15T07:38:36","modified_gmt":"2022-04-15T05:38:36","slug":"fg-arbeitsteilung-in-zahnarztpraxis-kann-zu-gewerbebetrieb-fuehren","status":"publish","type":"post","link":"https:\/\/iuzb.de\/?p=38302","title":{"rendered":"FG: Arbeitsteilung in Zahnarztpraxis kann zu Gewerbebetrieb f\u00fchren"},"content":{"rendered":"<p style=\"text-align: justify;\"><span style=\"font-size: 12pt;\"><strong>Arbeitsteilung in Arztpraxis kann zu Gewerbebetrieb f\u00fchren<\/strong><\/span><\/p>\n<p style=\"text-align: justify;\">Mit (noch nicht rechtskr\u00e4ftigem) Urteil vom 16. September 2021 (4 K 1270\/19) \u2013 gegen das die Revision zugelassen wurde &#8211; hat das Finanzgericht Rheinland-Pfalz entschieden, dass eine <strong>Gemeinschaftspraxis von Zahn\u00e4rzten insgesamt als Gewerbebetrieb einzustufen (und damit gewerbesteuerpflichtig) ist, wenn einer der \u00c4rzte f\u00fcr die Organisation, Verwaltung und Leitung der Praxis zust\u00e4ndig ist und nur noch in geringem Umfang eigene zahn\u00e4rztliche Beratungs- und Behandlungsleistungen am Patienten erbringt.<\/strong><\/p>\n<p style=\"text-align: justify;\">Die Kl\u00e4gerin ist eine in Rheinhessen ans\u00e4ssige sog. Partnerschaftsgesellschaft, in der sich mehrere approbierte Zahn\u00e4rzte zur gemeinsamen Aus\u00fcbung der zahn\u00e4rztlichen Behandlung von Privat- und Kassenpatienten zusammengeschlossen haben. Im Streitjahr erzielte die Praxis Umsatzerl\u00f6se von rund 3,5 Millionen Euro, wovon nur ca. 900 \u20ac auf einen der sog. Seniorpartner entfielen, der haupts\u00e4chlich f\u00fcr die Organisation, Verwaltung und Leitung der Praxis zust\u00e4ndig war. Nach einer Betriebspr\u00fcfung vertrat das Finanzamt die Auffassung, dass die Eink\u00fcnfte der Gemeinschaftspraxis nicht mehr als freiberuflich, sondern als Eink\u00fcnfte aus Gewerbebetrieb zu qualifizieren seien, weil bei einer freiberuflichen Personen- oder Partnerschaftsgesellschaft jeder Gesellschafter die Merkmale selbst\u00e4ndiger Arbeit in eigener Person erf\u00fcllen m\u00fcsse.<\/p>\n<p style=\"text-align: justify;\">Nach erfolglosem Einspruchsverfahren hat das Finanzgericht die Klage der \u00c4rzte abgewiesen. Bei einer Gemeinschaftspraxis \u2013 so das Gericht \u2013 m\u00fcsse jeder der Gesellschafter (= Arzt) in eigener Person die Hauptmerkmale des freien Berufes erf\u00fcllen, d.h. nicht nur \u00fcber die pers\u00f6nliche Berufsqualifikation verf\u00fcgen, sondern die freiberufliche T\u00e4tigkeit tats\u00e4chlich auch entfalten. Dabei m\u00fcsse die T\u00e4tigkeit durch die unmittelbare, pers\u00f6nliche und individuelle Arbeitsleistung des Berufstr\u00e4gers gepr\u00e4gt sein. Diese T\u00e4tigkeit k\u00f6nne nicht \u2013 auch nicht durch eine besonders intensive &#8211; leitende T\u00e4tigkeit ersetzt werden, wie z.B. Organisation des Sach- und Personalbereichs, Arbeitsplanung, Arbeitsverteilung, Aufsicht \u00fcber Mitarbeiter und deren Anleitung und die stichprobenweise \u00dcberpr\u00fcfung der Ergebnisse. Ein Arzt schulde eine h\u00f6chstpers\u00f6nliche und individuelle Arbeitsleistung am Patienten und m\u00fcsse deshalb einen wesentlichen Teil der \u00e4rztlichen Leistungen selbst erbringen. Grunds\u00e4tzlich sei zwar eine gewisse Arbeitsteilung bzw. \u201eTeamarbeit\u201c unsch\u00e4dlich. So k\u00f6nne der Arzt z.B. in sog. \u201eRoutinef\u00e4llen\u201c die jeweils anstehenden Voruntersuchungen bei den Patienten durchf\u00fchren, die Behandlungsmethode festlegen und sich die Behandlung \u201eproblematischer F\u00e4lle\u201c vorbehalten bzw. die Erbringung der eigentlichen \u00e4rztlichen Behandlungsleistung an angestellte \u00c4rzte delegieren. Erforderlich sei aber, dass sich jeder Gesellschafter (= Arzt) kraft seiner pers\u00f6nlichen Berufsqualifikation an der \u201eTeamarbeit\u201c im arzttypischen Heilbereich beteilige. \u00dcbernehme er (nahezu) nur kaufm\u00e4nnische Leitungs- oder sonstige Managementaufgaben, sei er nicht freiberuflich, sondern gewerblich t\u00e4tig. Dies f\u00fchre dazu, dass die gesamte T\u00e4tigkeit der Gemeinschaftspraxis als gewerblich anzusehen sei. Denn wenn Gesellschafter einer Personengesellschaft teilweise freiberuflich und teilweise gewerblich t\u00e4tig seien, so sei ihre T\u00e4tigkeit nach \u00a7\u00a015 Abs.\u00a03 Nr.\u00a01 Alt. 1 EStG insgesamt als gewerblich zu qualifizieren. Die T\u00e4tigkeit des gewerblich t\u00e4tigen Arztes \u201einfiziere\u201c die T\u00e4tigkeit der freiberuflichen \u00c4rzte.<\/p>\n<p>Finanzgericht Rheinland-Pfalz\u00a012.04.2022 &#8211; 4 K 1270\/19 &#8211;<\/p>\n<p>Quelle: Finanzgericht Rheinland-Pfalz, <a href=\"https:\/\/fgnw.justiz.rlp.de\/de\/startseite\/detail\/news\/News\/detail\/arbeitsteilung-in-arztpraxis-kann-zu-gewerbebetrieb-fuehren\/\" target=\"_blank\" rel=\"noopener\">Pressemitteilung vom 12.04.2021<\/a><\/p>\n","protected":false},"excerpt":{"rendered":"<p>Arbeitsteilung in Arztpraxis kann zu Gewerbebetrieb f\u00fchren Mit (noch nicht rechtskr\u00e4ftigem) Urteil vom 16. September 2021 (4 K 1270\/19) \u2013 gegen das die Revision zugelassen wurde &#8211; hat das Finanzgericht [&#8230;]<\/p>\n","protected":false},"author":13,"featured_media":0,"comment_status":"open","ping_status":"closed","sticky":false,"template":"","format":"standard","meta":{"ngg_post_thumbnail":0,"iawp_total_views":0,"footnotes":""},"categories":[68],"tags":[],"class_list":["post-38302","post","type-post","status-publish","format-standard","hentry","category-recht"],"_links":{"self":[{"href":"https:\/\/iuzb.de\/index.php?rest_route=\/wp\/v2\/posts\/38302","targetHints":{"allow":["GET"]}}],"collection":[{"href":"https:\/\/iuzb.de\/index.php?rest_route=\/wp\/v2\/posts"}],"about":[{"href":"https:\/\/iuzb.de\/index.php?rest_route=\/wp\/v2\/types\/post"}],"author":[{"embeddable":true,"href":"https:\/\/iuzb.de\/index.php?rest_route=\/wp\/v2\/users\/13"}],"replies":[{"embeddable":true,"href":"https:\/\/iuzb.de\/index.php?rest_route=%2Fwp%2Fv2%2Fcomments&post=38302"}],"version-history":[{"count":1,"href":"https:\/\/iuzb.de\/index.php?rest_route=\/wp\/v2\/posts\/38302\/revisions"}],"predecessor-version":[{"id":38303,"href":"https:\/\/iuzb.de\/index.php?rest_route=\/wp\/v2\/posts\/38302\/revisions\/38303"}],"wp:attachment":[{"href":"https:\/\/iuzb.de\/index.php?rest_route=%2Fwp%2Fv2%2Fmedia&parent=38302"}],"wp:term":[{"taxonomy":"category","embeddable":true,"href":"https:\/\/iuzb.de\/index.php?rest_route=%2Fwp%2Fv2%2Fcategories&post=38302"},{"taxonomy":"post_tag","embeddable":true,"href":"https:\/\/iuzb.de\/index.php?rest_route=%2Fwp%2Fv2%2Ftags&post=38302"}],"curies":[{"name":"wp","href":"https:\/\/api.w.org\/{rel}","templated":true}]}}