{"id":38261,"date":"2022-05-28T06:00:56","date_gmt":"2022-05-28T04:00:56","guid":{"rendered":"http:\/\/iuzb.de\/?p=38261"},"modified":"2022-06-21T18:02:47","modified_gmt":"2022-06-21T16:02:47","slug":"fraktion-gesundheit-und-daz-warum-wir-auf-der-iuzb-liste-kandidieren","status":"publish","type":"post","link":"https:\/\/iuzb.de\/?p=38261","title":{"rendered":"IUZB &#8211; Liste 2: Wahlzeitung unserer Partner FRAKTION GESUNDHEIT und DAZ zur KZV-Wahl"},"content":{"rendered":"<p><img loading=\"lazy\" decoding=\"async\" class=\"alignnone wp-image-38583\" src=\"https:\/\/iuzb.de\/wp-content\/uploads\/2022\/04\/FG-Bild-1.png\" alt=\"\" width=\"840\" height=\"759\" srcset=\"https:\/\/iuzb.de\/wp-content\/uploads\/2022\/04\/FG-Bild-1.png 1002w, https:\/\/iuzb.de\/wp-content\/uploads\/2022\/04\/FG-Bild-1-332x300.png 332w, https:\/\/iuzb.de\/wp-content\/uploads\/2022\/04\/FG-Bild-1-133x120.png 133w, https:\/\/iuzb.de\/wp-content\/uploads\/2022\/04\/FG-Bild-1-768x694.png 768w\" sizes=\"auto, (max-width: 840px) 100vw, 840px\" \/><\/p>\n<p>&nbsp;<\/p>\n<table style=\"border-collapse: collapse; width: 100%;\">\n<tbody>\n<tr>\n<td style=\"width: 23.9999%; text-align: left; vertical-align: top;\"><strong><span dir=\"ltr\" role=\"presentation\"><img loading=\"lazy\" decoding=\"async\" class=\"alignnone wp-image-38590\" src=\"https:\/\/iuzb.de\/wp-content\/uploads\/2022\/04\/FG-Liste-2-fresh.png\" alt=\"\" width=\"143\" height=\"144\" srcset=\"https:\/\/iuzb.de\/wp-content\/uploads\/2022\/04\/FG-Liste-2-fresh.png 326w, https:\/\/iuzb.de\/wp-content\/uploads\/2022\/04\/FG-Liste-2-fresh-298x300.png 298w, https:\/\/iuzb.de\/wp-content\/uploads\/2022\/04\/FG-Liste-2-fresh-119x120.png 119w, https:\/\/iuzb.de\/wp-content\/uploads\/2022\/04\/FG-Liste-2-fresh-90x90.png 90w, https:\/\/iuzb.de\/wp-content\/uploads\/2022\/04\/FG-Liste-2-fresh-75x75.png 75w\" sizes=\"auto, (max-width: 143px) 100vw, 143px\" \/><\/span><\/strong><\/td>\n<td style=\"width: 76.0001%; text-align: left; vertical-align: top;\">\n<h4 style=\"text-align: justify;\"><span style=\"color: #3366ff;\"><strong><span dir=\"ltr\" role=\"presentation\">Damit der Wechsel gelingt: jede Stimme z\u00e4hlt!<\/span><\/strong><\/span><\/h4>\n<p style=\"text-align: justify;\"><strong><span dir=\"ltr\" role=\"presentation\">Liebe Kolleginnen und <\/span><span dir=\"ltr\" role=\"presentation\">Kollegen,<\/span><\/strong><\/p>\n<p style=\"text-align: justify;\"><span dir=\"ltr\" role=\"presentation\">bitte machen Sie f\u00fcr die neue Legisla<\/span><span dir=\"ltr\" role=\"presentation\">turperiode von Ihrem Wahlrecht Ge<\/span><span dir=\"ltr\" role=\"presentation\">brauch. Eine schwache Wahlbeteili<\/span><span dir=\"ltr\" role=\"presentation\">gung schw\u00e4cht die Selbstverwaltun<\/span><span dir=\"ltr\" role=\"presentation\">gen unseres Berufsstandes. <\/span><\/p>\n<p style=\"text-align: justify;\"><span dir=\"ltr\" role=\"presentation\">Die<\/span> <span dir=\"ltr\" role=\"presentation\">Fraktion<\/span> <span dir=\"ltr\" role=\"presentation\">Gesundheit<\/span> <span dir=\"ltr\" role=\"presentation\">und<\/span> <span dir=\"ltr\" role=\"presentation\">der <\/span><span dir=\"ltr\" role=\"presentation\">Deutsche<\/span> <span dir=\"ltr\" role=\"presentation\">Arbeitskreis<\/span> <span dir=\"ltr\" role=\"presentation\">f\u00fcr<\/span> <span dir=\"ltr\" role=\"presentation\">Zahnheil<\/span><span dir=\"ltr\" role=\"presentation\">kunde pl\u00e4dieren f\u00fcr einen Zusammen<\/span><span dir=\"ltr\" role=\"presentation\">schluss aller kritischen Kollegen in der <\/span><span dir=\"ltr\" role=\"presentation\">Vertreterversammlung. Unsere Kritik <\/span><span dir=\"ltr\" role=\"presentation\">richtet sich in erster Linie gegen eine <\/span><span dir=\"ltr\" role=\"presentation\">erstarrte Standespolitik, die immer noch <\/span><span dir=\"ltr\" role=\"presentation\">mehrheitlich vom Verband der Zahn<\/span><span dir=\"ltr\" role=\"presentation\">\u00e4rztinnen und Zahn\u00e4rzte von Berlin in <\/span><span dir=\"ltr\" role=\"presentation\">gutsherrlicher Art verantwortet wird.<\/span><\/p>\n<p style=\"text-align: justify;\"><span dir=\"ltr\" role=\"presentation\"> Deshalb werden sich bei der kommenden Wahl zum ersten Mal Mitglieder des DAZ, der Fraktion Gesundheit und der IUZB auf einer gemeinsamen Liste vorstellen und f\u00fcr die Vertreterversammlung kandidieren.<\/span><\/p>\n<p style=\"text-align: justify;\"><span dir=\"ltr\" role=\"presentation\">W\u00e4hlen Sie im Juni 2022 die gemeinsame Liste der IUZB! Nur dann kann Ihre Stimme f\u00fcr Transparenz, Gerechtigkeit und Kollegialit\u00e4t in unserer KZV-Berlin wirken. Leisten Sie Ihren Beitrag zu einem echten und ehrlichen Wandel!<\/span><\/p>\n<p><strong>Mit kollegialen Gr\u00fc\u00dfen<\/strong><\/p>\n<p style=\"text-align: justify;\"><span style=\"color: #3366ff;\">Dr. Celina Sch\u00e4tze<\/span><\/p>\n<\/td>\n<\/tr>\n<tr>\n<td style=\"width: 23.9999%; text-align: left; vertical-align: top;\"><img loading=\"lazy\" decoding=\"async\" class=\"wp-image-38281 size-full\" src=\"https:\/\/iuzb.de\/wp-content\/uploads\/2022\/04\/FG-Bild-6-Kampmann.png\" alt=\"\" width=\"143\" height=\"136\" srcset=\"https:\/\/iuzb.de\/wp-content\/uploads\/2022\/04\/FG-Bild-6-Kampmann.png 143w, https:\/\/iuzb.de\/wp-content\/uploads\/2022\/04\/FG-Bild-6-Kampmann-126x120.png 126w\" sizes=\"auto, (max-width: 143px) 100vw, 143px\" \/><\/p>\n<p><span style=\"background-color: #ffffff; color: #3366ff;\">Winnetou Kampmann<\/span><\/p>\n<p><a href=\"https:\/\/iuzb.de\/?p=37702\" target=\"_blank\" rel=\"noopener\">IUZB Listenplatz <span style=\"font-size: 12pt;\">3<\/span><\/a><\/td>\n<td style=\"width: 76.0001%; text-align: left; vertical-align: top;\">\n<h4 style=\"text-align: justify;\"><span style=\"color: #3366ff;\"><strong>Warum muss der amtierende KZV-Vorstand verabschiedet werden?<\/strong><\/span><\/h4>\n<p style=\"text-align: justify;\"><strong><span dir=\"ltr\" role=\"presentation\">Geldverschwendung<\/span><\/strong><\/p>\n<ul style=\"text-align: justify;\">\n<li><span dir=\"ltr\" role=\"presentation\">Unn\u00f6tige Planungskosten f\u00fcr unrea<\/span><span dir=\"ltr\" role=\"presentation\">listische<\/span> <span dir=\"ltr\" role=\"presentation\">Bauvorhaben<\/span> <span dir=\"ltr\" role=\"presentation\">(Neubau <\/span><span dir=\"ltr\" role=\"presentation\">KZV-Haus), die dann auch nicht ge<\/span><span dir=\"ltr\" role=\"presentation\">nehmigt wurden.<\/span><\/li>\n<li><span dir=\"ltr\" role=\"presentation\">Unertr\u00e4glich<\/span> <span dir=\"ltr\" role=\"presentation\">hohe<\/span> <span dir=\"ltr\" role=\"presentation\">Anwaltskosten, <\/span><span dir=\"ltr\" role=\"presentation\">zumal eigene Rechtsanw\u00e4lte in der <\/span><span dir=\"ltr\" role=\"presentation\">KZV vorhanden sind.<\/span><\/li>\n<li><span dir=\"ltr\" role=\"presentation\">Gigantische Gerichts- und Anwalts<\/span><span dir=\"ltr\" role=\"presentation\">kosten f\u00fcr Verfahren zur Maximie<\/span><span dir=\"ltr\" role=\"presentation\">rung der ohnehin schon astronomi<\/span><span dir=\"ltr\" role=\"presentation\">schen Vorstandsgeh\u00e4lter.<\/span><\/li>\n<li><span dir=\"ltr\" role=\"presentation\">Rechtsstreitigkeiten<\/span> <span dir=\"ltr\" role=\"presentation\">und<\/span> <span dir=\"ltr\" role=\"presentation\">oft<\/span> <span dir=\"ltr\" role=\"presentation\">aus<\/span><span dir=\"ltr\" role=\"presentation\">sichtslose Gerichtskosten f\u00fcr die Ru<\/span><span dir=\"ltr\" role=\"presentation\">hestandsversorgung der Vorst\u00e4nde.<\/span><\/li>\n<li><span dir=\"ltr\" role=\"presentation\">Au\u00dfergew\u00f6hnlich teure Umbauten <\/span><span dir=\"ltr\" role=\"presentation\">im KZV-Geb\u00e4ude (z.B. Sitzungssaal <\/span><span dir=\"ltr\" role=\"presentation\">ca. 1,5 Millionen)<\/span><\/li>\n<\/ul>\n<p style=\"text-align: justify;\"><strong><span dir=\"ltr\" role=\"presentation\">Unf\u00e4higkeit<\/span> <span dir=\"ltr\" role=\"presentation\">zur<\/span> <span dir=\"ltr\" role=\"presentation\">Kooperation <\/span><span dir=\"ltr\" role=\"presentation\">mit unserer Kammer<\/span><\/strong><\/p>\n<p style=\"text-align: justify;\"><span dir=\"ltr\" role=\"presentation\">Die fehlende Zusammenarbeit ist teuer:<\/span><\/p>\n<ul style=\"text-align: justify;\">\n<li><span dir=\"ltr\" role=\"presentation\">Kostspielige Parallelveranstaltungen<\/span><\/li>\n<li><span dir=\"ltr\" role=\"presentation\">Austritt aus dem gemeinsamen Mit<\/span><span dir=\"ltr\" role=\"presentation\">teilungsblatt (MBZ)<\/span><\/li>\n<li><span dir=\"ltr\" role=\"presentation\">Aufbau eigener, paralleler Online-<\/span><span dir=\"ltr\" role=\"presentation\">Portale<\/span><\/li>\n<\/ul>\n<p style=\"text-align: justify;\"><strong><span dir=\"ltr\" role=\"presentation\">Mangelhafte Personal<\/span><span dir=\"ltr\" role=\"presentation\">f\u00fchrung<\/span><\/strong><\/p>\n<ul style=\"text-align: justify;\">\n<li><span dir=\"ltr\" role=\"presentation\">Freistellung<\/span> <span dir=\"ltr\" role=\"presentation\">von<\/span> <span dir=\"ltr\" role=\"presentation\">KZV-Angestellten <\/span><span dir=\"ltr\" role=\"presentation\">bei vollen Bez\u00fcgen<\/span><\/li>\n<li><span dir=\"ltr\" role=\"presentation\">Intransparenz bei den Gr\u00fcnden f\u00fcr <\/span><span dir=\"ltr\" role=\"presentation\">die Entlassung<\/span> <span dir=\"ltr\" role=\"presentation\">von wichtigen KZV-Mitarbeitern<\/span><\/li>\n<\/ul>\n<p style=\"text-align: justify;\"><strong><span dir=\"ltr\" role=\"presentation\">Abnicken von teuren Ent<\/span><span dir=\"ltr\" role=\"presentation\">scheidungen in der KZBV<\/span><\/strong><\/p>\n<ul style=\"text-align: justify;\">\n<li><span dir=\"ltr\" role=\"presentation\">Luxus-Renovierung des KZBV-Hau<\/span><span dir=\"ltr\" role=\"presentation\">ses in K\u00f6ln f\u00fcr Millionen \u2013 dies wird <\/span><span dir=\"ltr\" role=\"presentation\">von uns allen zu bezahlen sein.<\/span><\/li>\n<\/ul>\n<p style=\"text-align: justify;\"><span style=\"background-color: #ffffff; color: #3366ff;\"><span dir=\"ltr\" role=\"presentation\">Die kostspieligen <\/span><span dir=\"ltr\" role=\"presentation\">Fehlentscheidungen werden von <\/span><span dir=\"ltr\" role=\"presentation\">unseren Beitr\u00e4gen bezahlt!<\/span><\/span><\/p>\n<p style=\"text-align: justify;\"><span style=\"background-color: #ffffff; color: #3366ff;\"><span dir=\"ltr\" role=\"presentation\">Deshalb brauchen wir den <\/span><span dir=\"ltr\" role=\"presentation\">Wechsel \u2013 jede Stimme z\u00e4hlt!<\/span><\/span><\/p>\n<\/td>\n<\/tr>\n<tr>\n<td style=\"width: 23.9999%; text-align: left; vertical-align: top;\"><img loading=\"lazy\" decoding=\"async\" class=\"alignnone size-full wp-image-38594\" src=\"https:\/\/iuzb.de\/wp-content\/uploads\/2022\/04\/FG-Bild-7-L.-Schleithoff.png\" alt=\"\" width=\"143\" height=\"137\" srcset=\"https:\/\/iuzb.de\/wp-content\/uploads\/2022\/04\/FG-Bild-7-L.-Schleithoff.png 143w, https:\/\/iuzb.de\/wp-content\/uploads\/2022\/04\/FG-Bild-7-L.-Schleithoff-125x120.png 125w\" sizes=\"auto, (max-width: 143px) 100vw, 143px\" \/><\/p>\n<p><span style=\"color: #3366ff;\">Dr. Lukas Schleithoff<\/span><\/p>\n<p><a href=\"https:\/\/iuzb.de\/?p=37702\" target=\"_blank\" rel=\"noopener\">IUZB Listenplatz <span style=\"font-size: 12pt;\">6<\/span><\/a><\/td>\n<td style=\"width: 76.0001%; text-align: left; vertical-align: top;\">\n<h4 style=\"text-align: justify;\"><span style=\"color: #3366ff;\">Eine gute Telematikinfrastuktur k\u00f6nnte sehr<\/span><br \/>\n<span style=\"color: #3366ff;\">hilfreich sein&#8230;<\/span><\/h4>\n<p style=\"text-align: justify;\"><strong><img loading=\"lazy\" decoding=\"async\" class=\"alignright size-full wp-image-38598\" src=\"https:\/\/iuzb.de\/wp-content\/uploads\/2022\/04\/Neue-Karte.png\" alt=\"\" width=\"292\" height=\"302\" srcset=\"https:\/\/iuzb.de\/wp-content\/uploads\/2022\/04\/Neue-Karte.png 292w, https:\/\/iuzb.de\/wp-content\/uploads\/2022\/04\/Neue-Karte-290x300.png 290w, https:\/\/iuzb.de\/wp-content\/uploads\/2022\/04\/Neue-Karte-116x120.png 116w\" sizes=\"auto, (max-width: 292px) 100vw, 292px\" \/>TI, eHBA, eHBA G2, SMC-B, eGK, PTV3, PTV4, eGK G2, eGK G2.1, TI 2.0<\/strong><\/p>\n<p style=\"text-align: justify;\">Die Digitalisierung innerhalb unserer Praxen funktioniert und die Kosten sind kontrollierbar.<\/p>\n<p style=\"text-align: justify;\">Umso mehr freuen wir uns auf die Zeit, in der wir unsere HKPs und Kosten\u00fcbernahmen auch digital versenden k\u00f6nnen. Dazu br\u00e4uchten wir automatisch verschl\u00fcsselte einheitliche und sichere Kommunikationswege. Das ist die Aufgabe der Telematikinfrastruktur.<\/p>\n<p style=\"text-align: justify;\">Warum ist das so schwer? Warum ist das so teuer?<\/p>\n<p style=\"text-align: justify;\">Von der versprochenen Kostenneutralit\u00e4t f\u00fcr unsere Praxen ganz zu schweigen. Die Realit\u00e4t sind reichlich versteckte Kosten und Rechnungen der PVS-Hersteller mit pauschaler oder monatlicher Erstattung f\u00fcr notwendige einmalige oder regelm\u00e4\u00dfige Updates und Hardware. Die Erstattung der Kosten gibt es nur nach Beantragung!<\/p>\n<p style=\"text-align: justify;\">Wenn man \u00fcberhaupt verstanden hat, was gemacht wurde in diesem Konnektor. Von einer reibungslosen und vor allem entlastenden TI im Arbeitsalltag sind wir trotz aller Kosten und viel Motivation ein gro\u00dfes St\u00fcck entfernt. Bis jetzt erfordert die TI unverh\u00e4ltnism\u00e4\u00dfigen Aufwand mit zus\u00e4tzlichen Kosten und Mehrarbeit von den Kolleginnen und Kollegen. Auch die PVS-Anbieter sind am Limit: Hotlines sind \u00fcberlastet und die Fortbildungen, um die Funktionsf\u00e4higkeit der TI in der Praxis umzusetzen, sind teuer.<\/p>\n<p style=\"text-align: justify;\">Als kleines Sahneh\u00e4ubchen auf dem nicht endenden Dilemma werden wir als \u201eEndverbraucher\u201c zwischenzeitlich f\u00fcr schlechten Datenschutz inner<span dir=\"ltr\" role=\"presentation\">halb der Konnektoren von Hersteller <\/span><span dir=\"ltr\" role=\"presentation\">und Gematik selbst verantwortlich ge<\/span><span dir=\"ltr\" role=\"presentation\">macht.<\/span><\/p>\n<p style=\"text-align: justify;\"><span dir=\"ltr\" role=\"presentation\">Aber bevor wir 2024 ohne Konnekto<\/span><span dir=\"ltr\" role=\"presentation\">ren<\/span> <span dir=\"ltr\" role=\"presentation\">auskommen<\/span> <span dir=\"ltr\" role=\"presentation\">sollen,<\/span> <span dir=\"ltr\" role=\"presentation\">werden <\/span><span dir=\"ltr\" role=\"presentation\">pflichtgem\u00e4\u00df nach f\u00fcnf Jahren Be<\/span><span dir=\"ltr\" role=\"presentation\">triebszeit alle Ger\u00e4te in unseren Pra<\/span><span dir=\"ltr\" role=\"presentation\">xen<\/span> <span dir=\"ltr\" role=\"presentation\">nochmal<\/span> <span dir=\"ltr\" role=\"presentation\">ausgetauscht&#8230; <\/span><span dir=\"ltr\" role=\"presentation\">\u00dcbernahme der Kosten: bis jetzt un<\/span><span dir=\"ltr\" role=\"presentation\">gekl\u00e4rt!<\/span><\/p>\n<p style=\"text-align: justify;\"><span dir=\"ltr\" role=\"presentation\">Eigentlich ist nur eines sicher: Es gibt <\/span><span dir=\"ltr\" role=\"presentation\">noch viel zu tun, um unsere ohnehin <\/span><span dir=\"ltr\" role=\"presentation\">stark steigenden Praxiskosten langfris<\/span><span dir=\"ltr\" role=\"presentation\">tig unter Kontrolle zu behalten!<\/span><\/p>\n<\/td>\n<\/tr>\n<tr>\n<td style=\"width: 23.9999%; text-align: left; vertical-align: top;\"><img loading=\"lazy\" decoding=\"async\" class=\"alignleft size-full wp-image-38287\" src=\"https:\/\/iuzb.de\/wp-content\/uploads\/2022\/04\/FG-Bild-4-Schaetze.png\" alt=\"\" width=\"143\" height=\"136\" srcset=\"https:\/\/iuzb.de\/wp-content\/uploads\/2022\/04\/FG-Bild-4-Schaetze.png 143w, https:\/\/iuzb.de\/wp-content\/uploads\/2022\/04\/FG-Bild-4-Schaetze-126x120.png 126w\" sizes=\"auto, (max-width: 143px) 100vw, 143px\" \/><\/p>\n<p>&nbsp;<\/p>\n<p>&nbsp;<\/p>\n<p>&nbsp;<\/p>\n<p>&nbsp;<\/p>\n<p>&nbsp;<\/p>\n<p><span style=\"color: #3366ff;\">Dr. Celina Sch\u00e4tze<\/span><\/p>\n<p><a href=\"https:\/\/iuzb.de\/?p=37702\" target=\"_blank\" rel=\"noopener\">IUZB Listenplatz <\/a><span style=\"font-size: 12pt;\">9<\/span><\/td>\n<td style=\"width: 76.0001%; text-align: left; vertical-align: top;\">\n<h4 style=\"text-align: justify;\"><span dir=\"ltr\" style=\"color: #3366ff;\" role=\"presentation\">Vieles muss besser werden in der KZV!<\/span><\/h4>\n<p style=\"text-align: justify;\"><strong><span dir=\"ltr\" role=\"presentation\">Corona-Bonus \u2013 wen ver<\/span><span dir=\"ltr\" role=\"presentation\">tritt der Vorstand?<\/span><\/strong><\/p>\n<p style=\"text-align: justify;\"><span dir=\"ltr\" role=\"presentation\">Der Berliner KZV-Vorstand hat ent<\/span><span dir=\"ltr\" role=\"presentation\">schieden, die Corona-Ausgleichszah<\/span><span dir=\"ltr\" role=\"presentation\">lungen nicht einfach auf die Zahnarzt<\/span><span dir=\"ltr\" role=\"presentation\">k\u00f6pfe zu verteilen, sondern eine zu<\/span><span dir=\"ltr\" role=\"presentation\">s\u00e4tzliche<\/span> <span dir=\"ltr\" role=\"presentation\">Zahlung<\/span> <span dir=\"ltr\" role=\"presentation\">f\u00fcr<\/span> <span dir=\"ltr\" role=\"presentation\">weitere <\/span><span dir=\"ltr\" role=\"presentation\">Praxisstandorte (Zweitpraxen) zu ge<\/span><span dir=\"ltr\" role=\"presentation\">w\u00e4hren. Da kommt die Frage auf, ob\u00a0 <\/span><span dir=\"ltr\" role=\"presentation\">nicht bestimmte Gruppen einen be<\/span><span dir=\"ltr\" role=\"presentation\">sonderen Draht zum Vorstand gehabt <\/span><span dir=\"ltr\" role=\"presentation\">haben.<\/span><\/p>\n<p style=\"text-align: justify;\"><strong>Endlich unsinnige Festzuschuss-Regelungen beseitigen<\/strong><\/p>\n<p style=\"text-align: justify;\">Eine der wichtigsten Aufgaben der KZV ist es, den Zahn\u00e4rzten die fachliche Beinfreiheit f\u00fcr eine allt\u00e4glich gute Versorgung zu schaffen. Es ist nicht verst\u00e4ndlich, weshalb es so wenige Anstrengungen zur Revision unsinniger G\u00e4ngelungen in den Abrechnungsvorschriften gibt. Das beste und wichtigste Beispiel findet sich bei den Regelungen f\u00fcr den Einsatz von Teleskopkronen. Wir brauchen endlich die M\u00f6glichkeit, Teleskope auf die besten und strategisch g\u00fcnstigsten Z\u00e4hne setzen zu k\u00f6nnen. Die jetzigen Regelungen bahnen nur den Weg zur Privatabrechnung und schlie\u00dfen einige Patientengruppen von der angemessenen Versorgung aus.<\/p>\n<p style=\"text-align: justify;\"><strong>Telematik: schlecht \u2013 wenig \u2013 teuer \u2013 unsicher<\/strong><\/p>\n<p style=\"text-align: justify;\">Die Vertreter der zahn\u00e4rztlichen K\u00f6rperschaften &#8211; wie auch der \u00e4rztlichen &#8211; haben sich nicht gegen lobbygesteuerte Pl\u00e4ne zur Wehr gesetzt. Jetzt haben wir die Bananensysteme in den Praxen. Die KZV-Vertreter haben von Anfang an die Gefahren bez\u00fcglich der Handhabbarkeit, des Datenschutzes, der Haftung und der Kosten nicht gen\u00fcgend angeprangert.<\/p>\n<p style=\"text-align: justify;\"><strong>KZV-Vorstand \u2013 echt hauptamtlich?<\/strong><\/p>\n<p style=\"text-align: justify;\">Der alte Vorstand genoss bei Geh\u00e4ltern und Versorgungsleistungen, die f\u00fcr den gemeinen Zahnarzt unvorstellbar sind, Freiheiten in der Gestaltung der Arbeitszeit in der KZV, die mit einer hauptamtlichen T\u00e4tigkeit schwer vereinbar sind. Die \u201eNebent\u00e4tigkeit\u201c in ihren Praxen war quasi nicht beschr\u00e4nkt.<\/p>\n<p style=\"text-align: justify;\">Die Vorstandvertr\u00e4ge m\u00fcssen eine Begrenzung f\u00fcr die Nebent\u00e4tigkeit vorgeben. Die Zahn\u00e4rzte d\u00fcrfen von ihren Vertretern den vollen physischen und auch psychischen Einsatz verlangen, den die Arbeit f\u00fcr die Interessen der Zahn\u00e4rztinnen und Zahn\u00e4rzte ben\u00f6tigt.<\/p>\n<p style=\"text-align: justify;\">Durch einen geregelten zeitlichen Einsatz der Vorstandsmitglieder lassen sich erhebliche Kosten sparen. Das ist Geld, das wir alle mit unseren Beitr\u00e4gen zahlen.<\/p>\n<\/td>\n<\/tr>\n<tr>\n<td style=\"width: 23.9999%; text-align: left; vertical-align: top;\"><img loading=\"lazy\" decoding=\"async\" class=\"alignleft size-full wp-image-38291\" src=\"https:\/\/iuzb.de\/wp-content\/uploads\/2022\/04\/FG-Bild-5-Scharf.png\" alt=\"\" width=\"143\" height=\"136\" srcset=\"https:\/\/iuzb.de\/wp-content\/uploads\/2022\/04\/FG-Bild-5-Scharf.png 143w, https:\/\/iuzb.de\/wp-content\/uploads\/2022\/04\/FG-Bild-5-Scharf-126x120.png 126w\" sizes=\"auto, (max-width: 143px) 100vw, 143px\" \/><\/p>\n<p>&nbsp;<\/p>\n<p>&nbsp;<\/p>\n<p>&nbsp;<\/p>\n<p>&nbsp;<\/p>\n<p>&nbsp;<\/p>\n<p><span style=\"color: #3366ff;\">Peter Scharf<\/span><\/p>\n<p><a href=\"https:\/\/iuzb.de\/?p=37702\" target=\"_blank\" rel=\"noopener\">IUZB Listenplatz <span style=\"font-size: 12pt;\">12<\/span><\/a><\/td>\n<td style=\"width: 76.0001%; text-align: left; vertical-align: top;\">\n<h4 style=\"text-align: justify;\"><span style=\"color: #3366ff;\"><span dir=\"ltr\" role=\"presentation\">Mit frischem Wind die alte KZV in den Ruhe<\/span><span dir=\"ltr\" role=\"presentation\">stand schicken!<\/span><\/span><\/h4>\n<p style=\"text-align: justify;\"><span dir=\"ltr\" role=\"presentation\">Die Fraktion Gesundheit hat sich seit <\/span><span dir=\"ltr\" role=\"presentation\">35 Jahren daf\u00fcr eingesetzt, die Be<\/span><span dir=\"ltr\" role=\"presentation\">d\u00fcrfnisse der Bev\u00f6lkerung und die le<\/span><span dir=\"ltr\" role=\"presentation\">gitimen \u00f6konomischen Notwendigkei<\/span><span dir=\"ltr\" role=\"presentation\">ten unter einen Hut zu bekommen, so <\/span><span dir=\"ltr\" role=\"presentation\">dass<\/span> <span dir=\"ltr\" role=\"presentation\">alle<\/span> <span dir=\"ltr\" role=\"presentation\">Menschen<\/span> <span dir=\"ltr\" role=\"presentation\">an<\/span> <span dir=\"ltr\" role=\"presentation\">den <\/span><span dir=\"ltr\" role=\"presentation\">wissenschaftlichen und (zahn)-medizi<\/span><span dir=\"ltr\" role=\"presentation\">nischen Fortschritten teilhaben k\u00f6n<\/span><span dir=\"ltr\" role=\"presentation\">nen.<\/span><\/p>\n<p style=\"text-align: justify;\"><span style=\"color: #3366ff;\"><span dir=\"ltr\" role=\"presentation\">Die Teilhabe am medizinischen <\/span><span dir=\"ltr\" role=\"presentation\">Fortschritt wird nicht mehr von der<\/span><\/span><br role=\"presentation\" \/><span style=\"color: #3366ff;\"><span dir=\"ltr\" role=\"presentation\">GKV finanziert. Wir fordern<\/span> <span dir=\"ltr\" role=\"presentation\">eine <\/span><span dir=\"ltr\" role=\"presentation\">angemessene <span style=\"color: #3366ff;\">Versorgung<\/span> und<\/span><\/span><br role=\"presentation\" \/><span dir=\"ltr\" style=\"color: #3366ff;\" role=\"presentation\">eine angemessene Verg\u00fctung.<\/span><\/p>\n<p style=\"text-align: justify;\"><span dir=\"ltr\" role=\"presentation\">Durch die Abw\u00e4lzung der Kosten ins <\/span><span dir=\"ltr\" role=\"presentation\">Private sank der Anteil der Ausgaben <\/span><span dir=\"ltr\" role=\"presentation\">der GKV f\u00fcr die Zahnmedizin von <\/span><span dir=\"ltr\" role=\"presentation\">15,6% auf unter 5% und die Zahnme<\/span><span dir=\"ltr\" role=\"presentation\">dizin sank im Einkommensranking der <\/span><span dir=\"ltr\" role=\"presentation\">Mediziner von ganz oben ins untere<\/span> Drittel.<\/p>\n<p style=\"text-align: justify;\"><span style=\"color: #3366ff;\"><span dir=\"ltr\" role=\"presentation\">Selbstversorgung<\/span> <span dir=\"ltr\" role=\"presentation\">der<\/span> <span dir=\"ltr\" role=\"presentation\">Funktion\u00e4re <\/span><span dir=\"ltr\" role=\"presentation\">statt Einsatz f\u00fcr eine bessere Kassen<\/span><span dir=\"ltr\" role=\"presentation\">versorgung &#8211; <\/span><span dir=\"ltr\" role=\"presentation\">das muss sich nach 40 Jahren \u00e4n<\/span><span dir=\"ltr\" role=\"presentation\">dern!<\/span><\/span><\/p>\n<p style=\"text-align: justify;\"><span dir=\"ltr\" role=\"presentation\">Ein sozialpolitisches Engagement ist <\/span><span dir=\"ltr\" role=\"presentation\">mit unseren bisherigen Berufsfunktio<\/span><span dir=\"ltr\" role=\"presentation\">n\u00e4ren und Ihrem Denken von gestern <\/span><span dir=\"ltr\" role=\"presentation\">nicht zu erwarten. Sie sind voll damit <\/span><span dir=\"ltr\" role=\"presentation\">besch\u00e4ftigt, sich immer f\u00fcrstlicher zu <\/span><span dir=\"ltr\" role=\"presentation\">entlohnen und sich die sp\u00e4rliche Ren<\/span><span dir=\"ltr\" role=\"presentation\">te des Versorgungswerkes mit Zusatz<\/span><span dir=\"ltr\" role=\"presentation\">renten aus den KZV-Beitr\u00e4gen aufzu<\/span><span dir=\"ltr\" role=\"presentation\">bessern.<\/span><\/p>\n<p style=\"text-align: justify;\"><span style=\"color: #3366ff;\"><span dir=\"ltr\" role=\"presentation\">Die Praxen d\u00fcrfen nicht von Investo<\/span><span dir=\"ltr\" role=\"presentation\">ren verdr\u00e4ngt werden.<\/span><\/span><\/p>\n<p style=\"text-align: justify;\"><span dir=\"ltr\" role=\"presentation\">In der zahnmedizinischen Versorgung <\/span><span dir=\"ltr\" role=\"presentation\">wird eine Kostenersparnis angestrebt <\/span><span dir=\"ltr\" role=\"presentation\">ausschlie\u00dflich durch Konzentrierung <\/span><span dir=\"ltr\" role=\"presentation\">auf<\/span> <span dir=\"ltr\" role=\"presentation\">gr\u00f6\u00dfere<\/span> <span dir=\"ltr\" role=\"presentation\">Einheiten<\/span> <span dir=\"ltr\" role=\"presentation\">(Ketten<\/span> <span dir=\"ltr\" role=\"presentation\">und Versorgungszentren\/iMVZ). Diese verteilen die h\u00f6heren Profite auf wenige Inhaber und Investoren und besch\u00e4ftigen viele Zahn\u00e4rztinnen und Zahn\u00e4rzte mit weniger Therapiefreiheiten im Angestelltenverh\u00e4ltnis mit oft schlechten Honoraren. Die gleichberechtigte und kollegiale Zusammenarbeit wird damit zunehmend fremdbestimmt.<\/span><\/p>\n<p style=\"text-align: justify;\"><span dir=\"ltr\" role=\"presentation\"><span style=\"color: #3366ff;\">Die Politik wird ohne die Unterst\u00fctzung auch sozialmedizinisch denkender Fachkr\u00e4fte nicht zu einer umfassenden zahnmedizinischen Versorgung f\u00fcr alle B\u00fcrger zur\u00fcckfinden \u2013 daf\u00fcr brauchen wir eine neue KZV.<\/span><br \/>\n<\/span><\/p>\n<\/td>\n<\/tr>\n<\/tbody>\n<\/table>\n<p><img loading=\"lazy\" decoding=\"async\" class=\"alignnone wp-image-38591\" src=\"https:\/\/iuzb.de\/wp-content\/uploads\/2022\/04\/FG-Bild-8-Kandidaten-mit-Liste-2.png\" alt=\"\" width=\"840\" height=\"1160\" srcset=\"https:\/\/iuzb.de\/wp-content\/uploads\/2022\/04\/FG-Bild-8-Kandidaten-mit-Liste-2.png 900w, https:\/\/iuzb.de\/wp-content\/uploads\/2022\/04\/FG-Bild-8-Kandidaten-mit-Liste-2-217x300.png 217w, https:\/\/iuzb.de\/wp-content\/uploads\/2022\/04\/FG-Bild-8-Kandidaten-mit-Liste-2-87x120.png 87w, https:\/\/iuzb.de\/wp-content\/uploads\/2022\/04\/FG-Bild-8-Kandidaten-mit-Liste-2-768x1061.png 768w\" sizes=\"auto, (max-width: 840px) 100vw, 840px\" \/><\/p>\n<p><span style=\"font-size: 8pt;\">.<\/span><\/p>\n","protected":false},"excerpt":{"rendered":"<p>&nbsp; Damit der Wechsel gelingt: jede Stimme z\u00e4hlt! Liebe Kolleginnen und Kollegen, bitte machen Sie f\u00fcr die neue Legislaturperiode von Ihrem Wahlrecht Gebrauch. Eine schwache Wahlbeteiligung schw\u00e4cht die Selbstverwaltungen unseres [&#8230;]<\/p>\n","protected":false},"author":13,"featured_media":38323,"comment_status":"open","ping_status":"closed","sticky":false,"template":"","format":"standard","meta":{"ngg_post_thumbnail":0,"iawp_total_views":9,"footnotes":""},"categories":[242,276],"tags":[],"class_list":["post-38261","post","type-post","status-publish","format-standard","has-post-thumbnail","hentry","category-infobriefe","category-kzv-wahl-2022"],"_links":{"self":[{"href":"https:\/\/iuzb.de\/index.php?rest_route=\/wp\/v2\/posts\/38261","targetHints":{"allow":["GET"]}}],"collection":[{"href":"https:\/\/iuzb.de\/index.php?rest_route=\/wp\/v2\/posts"}],"about":[{"href":"https:\/\/iuzb.de\/index.php?rest_route=\/wp\/v2\/types\/post"}],"author":[{"embeddable":true,"href":"https:\/\/iuzb.de\/index.php?rest_route=\/wp\/v2\/users\/13"}],"replies":[{"embeddable":true,"href":"https:\/\/iuzb.de\/index.php?rest_route=%2Fwp%2Fv2%2Fcomments&post=38261"}],"version-history":[{"count":52,"href":"https:\/\/iuzb.de\/index.php?rest_route=\/wp\/v2\/posts\/38261\/revisions"}],"predecessor-version":[{"id":38742,"href":"https:\/\/iuzb.de\/index.php?rest_route=\/wp\/v2\/posts\/38261\/revisions\/38742"}],"wp:featuredmedia":[{"embeddable":true,"href":"https:\/\/iuzb.de\/index.php?rest_route=\/wp\/v2\/media\/38323"}],"wp:attachment":[{"href":"https:\/\/iuzb.de\/index.php?rest_route=%2Fwp%2Fv2%2Fmedia&parent=38261"}],"wp:term":[{"taxonomy":"category","embeddable":true,"href":"https:\/\/iuzb.de\/index.php?rest_route=%2Fwp%2Fv2%2Fcategories&post=38261"},{"taxonomy":"post_tag","embeddable":true,"href":"https:\/\/iuzb.de\/index.php?rest_route=%2Fwp%2Fv2%2Ftags&post=38261"}],"curies":[{"name":"wp","href":"https:\/\/api.w.org\/{rel}","templated":true}]}}