{"id":38205,"date":"2022-04-10T22:31:15","date_gmt":"2022-04-10T20:31:15","guid":{"rendered":"http:\/\/iuzb.de\/?p=38205"},"modified":"2022-06-27T10:16:46","modified_gmt":"2022-06-27T08:16:46","slug":"berliner-datenschutzbeauftragte-informiert-senatsverwaltungen-zur-nutzung-von-facebook-pages","status":"publish","type":"post","link":"https:\/\/iuzb.de\/?p=38205","title":{"rendered":"Berliner Datenschutzbeauftragte informiert Senatsverwaltungen zur Nutzung von Facebook-Pages"},"content":{"rendered":"<p style=\"text-align: justify;\"><strong>Facebook-Pages m\u00fcssen abgeschaltet werden, wenn die Betreiber:innen nicht ihre Datenschutzrechtskonformit\u00e4t nachweisen k\u00f6nnen. Das geht aus einem neuen <a href=\"https:\/\/www.datenschutz-berlin.de\/fileadmin\/user_upload\/pdf\/publikationen\/DSK\/2022\/2022-DSK_Kurzgutachten_Facebook-Fanpages.pdf\" target=\"_blank\" rel=\"noopener\">Gutachten der Datenschutzkonferenz<\/a> hervor, \u00fcber das die Berliner Beauftragte f\u00fcr Datenschutz und Informationsfreiheit (BlnBDI) die Senatsverwaltungen informiert.<\/strong><\/p>\n<p style=\"text-align: justify;\">Volker Brozio, kommissarischer Dienststellenleiter der BlnBDI: \u201eFacebook-Pages lassen sich derzeit nicht datenschutzkonform betreiben. Zu diesem Ergebnis kommen europ\u00e4ische und deutsche Gerichte sowie ein neues Gutachten der deutschen Datenschutzbeh\u00f6rden. Die Senatsverwaltungen sollten ihre Facebook-Pages deaktivieren, sofern sie die Einhaltung des Datenschutzrechts nicht sicherstellen k\u00f6nnen. Als \u00f6ffentliche Stellen haben sie eine besondere Verantwortung und eine Vorbildfunktion.\u201c<\/p>\n<p style=\"text-align: justify;\">Bereits im Jahr 2018 hatte der Europ\u00e4ische Gerichtshof (EuGH) entschieden, dass Betreiber:innen von Facebook\u2010Pages (fr\u00fcher \u201eFanpages\u201c) gemeinsam mit Facebook datenschutzrechtlich verantwortlich sind. In Folge dessen m\u00fcssen Betreiber:innen die Rechtm\u00e4\u00dfigkeit der gemeinsam zu verantwortenden Datenverarbeitung gew\u00e4hrleisten und nachweisen k\u00f6nnen. Das mit diesem EuGH-Urteil zusammenh\u00e4ngende deutsche Verfahren vor dem OVG Schleswig ist mit Urteil vom 25. November 2021 rechtskr\u00e4ftig entschieden und abgeschlossen (Az. 4 LB 20\/13). Entsprechend den Vorgaben des EuGH und des Bundesverwaltungsgerichts best\u00e4tigte das OVG die Anordnung zur Abschaltung einer Facebook-Page.<\/p>\n<p style=\"text-align: justify;\">Unter Ber\u00fccksichtigung der aktuellen Rechtsprechung und der Regelungen im neuen Telekommunikations-Telemedien-Datenschutzgesetz (TTDSG) hat die \u201eTask Force Fanpages\u201c der Konferenz der unabh\u00e4ngigen Datenschutzaufsichtsbeh\u00f6rden des Bundes und der L\u00e4nder (Datenschutzkonferenz) ein Gutachten \u00fcber Facebook-Pages erstellt.<\/p>\n<p style=\"text-align: justify;\">Das Gutachten kommt zu dem Schluss, dass die Verarbeitung von personenbezogenen Daten im Zusammenhang mit Facebook-Pages in ihrer aktuellen Gestaltung keine Rechtsgrundlage hat. Dies hat f\u00fcr Betreiber:innen von Facebook-Pages Folgen: Wenn sie die Datenschutzrechtskonformit\u00e4t ihrer Facebook-Nutzung nicht nachweisen k\u00f6nnen, m\u00fcssen sie den Betrieb der Facebook-Page einstellen.<\/p>\n<p style=\"text-align: justify;\">Aufgrund ihrer Vorbildfunktion stehen hier zun\u00e4chst die \u00f6ffentlichen Stellen im Fokus. Die Berliner Datenschutzbeauftragte hat bereits 2018 Verwaltungsverfahren gegen Berliner Senatsverwaltungen und andere Stellen begonnen. Im Rahmen dieser Verfahren konnten zwar einige Rechtsverst\u00f6\u00dfe beim Betrieb von Facebook-Pages abgestellt werden. Es verbleiben jedoch schwerwiegende M\u00e4ngel. Vor dem Ergreifen weiterer Schritte hat die Berliner Datenschutzbeauftragte zun\u00e4chst den Abschluss anh\u00e4ngiger Gerichtsverfahren und das Ergebnis der gemeinsamen Pr\u00fcfung der Datenschutzkonferenz abgewartet.<\/p>\n<p style=\"text-align: justify;\">Gem\u00e4\u00df einer <a href=\"https:\/\/www.datenschutz-berlin.de\/fileadmin\/user_upload\/pdf\/publikationen\/DSK\/2022\/2022-DSK_Beschluss_Facebook_Fanpages.pdf\" target=\"_blank\" rel=\"noopener\">Beschlussfassung auf der 103. Datenschutzkonferenz<\/a> wird die Berliner Beauftragte f\u00fcr Datenschutz und Informationsfreiheit die Senatsverwaltungen nun \u00fcber das neue Gutachten informieren und darauf hinwirken, dass die Facebook-Pages deaktiviert werden, soweit die Senatsverwaltungen ihre Pflicht zum Nachweis der Datenschutzrechtskonformit\u00e4t ihrer Facebook-Page nicht erf\u00fcllen k\u00f6nnen.<\/p>\n<p>Links:<\/p>\n<ul>\n<li><a href=\"https:\/\/www.datenschutz-berlin.de\/fileadmin\/user_upload\/pdf\/publikationen\/DSK\/2022\/2022-DSK_Beschluss_Facebook_Fanpages.pdf\" target=\"_blank\" rel=\"noopener\">Beschluss der Datenschutzkonferenz zur Task Force Facebook-Fanpages<\/a><\/li>\n<li><a href=\"https:\/\/www.datenschutz-berlin.de\/fileadmin\/user_upload\/pdf\/publikationen\/DSK\/2022\/2022-DSK_Kurzgutachten_Facebook-Fanpages.pdf\" target=\"_blank\" rel=\"noopener\">Kurzgutachten zur datenschutzrechtlichen Konformit\u00e4t des Betriebs von Facebook\u2010Fanpages<\/a><\/li>\n<\/ul>\n<p>Quelle: Berliner Beauftragte f\u00fcr Datenschutz und Informationsfreiheit (BlnBDI), <a href=\"https:\/\/www.datenschutz-berlin.de\/infothek-und-service\/pressemitteilungen#c154\" target=\"_blank\" rel=\"noopener\">Pressemitteilung vom 08.04.2022<\/a><\/p>\n","protected":false},"excerpt":{"rendered":"<p>Facebook-Pages m\u00fcssen abgeschaltet werden, wenn die Betreiber:innen nicht ihre Datenschutzrechtskonformit\u00e4t nachweisen k\u00f6nnen. Das geht aus einem neuen Gutachten der Datenschutzkonferenz hervor, \u00fcber das die Berliner Beauftragte f\u00fcr Datenschutz und Informationsfreiheit [&#8230;]<\/p>\n","protected":false},"author":13,"featured_media":0,"comment_status":"open","ping_status":"closed","sticky":false,"template":"","format":"standard","meta":{"ngg_post_thumbnail":0,"iawp_total_views":9,"footnotes":""},"categories":[177,321,182,46],"tags":[],"class_list":["post-38205","post","type-post","status-publish","format-standard","hentry","category-berlin","category-beauftragte-datenschutz-und-informationsfreiheit","category-senat","category-zahnaerztekammer-berlin"],"_links":{"self":[{"href":"https:\/\/iuzb.de\/index.php?rest_route=\/wp\/v2\/posts\/38205","targetHints":{"allow":["GET"]}}],"collection":[{"href":"https:\/\/iuzb.de\/index.php?rest_route=\/wp\/v2\/posts"}],"about":[{"href":"https:\/\/iuzb.de\/index.php?rest_route=\/wp\/v2\/types\/post"}],"author":[{"embeddable":true,"href":"https:\/\/iuzb.de\/index.php?rest_route=\/wp\/v2\/users\/13"}],"replies":[{"embeddable":true,"href":"https:\/\/iuzb.de\/index.php?rest_route=%2Fwp%2Fv2%2Fcomments&post=38205"}],"version-history":[{"count":4,"href":"https:\/\/iuzb.de\/index.php?rest_route=\/wp\/v2\/posts\/38205\/revisions"}],"predecessor-version":[{"id":38209,"href":"https:\/\/iuzb.de\/index.php?rest_route=\/wp\/v2\/posts\/38205\/revisions\/38209"}],"wp:attachment":[{"href":"https:\/\/iuzb.de\/index.php?rest_route=%2Fwp%2Fv2%2Fmedia&parent=38205"}],"wp:term":[{"taxonomy":"category","embeddable":true,"href":"https:\/\/iuzb.de\/index.php?rest_route=%2Fwp%2Fv2%2Fcategories&post=38205"},{"taxonomy":"post_tag","embeddable":true,"href":"https:\/\/iuzb.de\/index.php?rest_route=%2Fwp%2Fv2%2Ftags&post=38205"}],"curies":[{"name":"wp","href":"https:\/\/api.w.org\/{rel}","templated":true}]}}