{"id":38143,"date":"2022-04-06T09:31:05","date_gmt":"2022-04-06T07:31:05","guid":{"rendered":"http:\/\/iuzb.de\/?p=38143"},"modified":"2022-04-06T09:32:27","modified_gmt":"2022-04-06T07:32:27","slug":"bundesdatenschutzbeauftragter-taetigkeitsbericht-2021","status":"publish","type":"post","link":"https:\/\/iuzb.de\/?p=38143","title":{"rendered":"Bundesdatenschutzbeauftragter: T\u00e4tigkeitsbericht 2021"},"content":{"rendered":"<p>Der Bundesbeauftragte f\u00fcr den Datenschutz und die Informationsfreiheit (BfDI), Professor Ulrich Kelber, hat am Dienstag der Pr\u00e4sidentin des Deutschen Bundestages seinen T\u00e4tigkeitsbericht f\u00fcr das Jahr 2021 \u00fcbergeben.<\/p>\n<ul>\n<li><a href=\"https:\/\/www.bfdi.bund.de\/SharedDocs\/Pressemitteilungen\/DE\/2022\/06_Taetigkeitsbericht.html\" target=\"_blank\" rel=\"noopener\">Hier<\/a> und hier: <a href=\"https:\/\/www.bfdi.bund.de\/SharedDocs\/Downloads\/DE\/Taetigkeitsberichte\/30TB_21.pdf?__blob=publicationFile&amp;v=4\" target=\"_blank\" rel=\"noopener\">30. T\u00e4tigkeitsbericht f\u00fcr den Datenschutz und die Informationsfreiheit<\/a><\/li>\n<\/ul>\n<p>Wer dort einsteigen m\u00f6chte, hier eine &#8222;gesundheitliche&#8220; Themenauswahl:<\/p>\n<ul>\n<li>3.1.4.2 Verarbeitung des Datums \u201eImpfstatus\u201c von Besch\u00e4ftigten durch die Arbeitgeberin oder den Arbeitgeber<\/li>\n<li>5.10 Entwicklungen bei Gesundheitsregistern<\/li>\n<li>6.1 Elektronische Patientenakte<\/li>\n<li>6.5 Nutzung der Krankenversichertennummer in der Telematikinfrastruktur<\/li>\n<li>6.18 Anwendungen auf der elek tronischen Gesundheitskarte<\/li>\n<\/ul>\n","protected":false},"excerpt":{"rendered":"<p>Der Bundesbeauftragte f\u00fcr den Datenschutz und die Informationsfreiheit (BfDI), Professor Ulrich Kelber, hat am Dienstag der Pr\u00e4sidentin des Deutschen Bundestages seinen T\u00e4tigkeitsbericht f\u00fcr das Jahr 2021 \u00fcbergeben. Hier und hier: [&#8230;]<\/p>\n","protected":false},"author":13,"featured_media":0,"comment_status":"open","ping_status":"closed","sticky":false,"template":"","format":"standard","meta":{"ngg_post_thumbnail":0,"iawp_total_views":0,"footnotes":""},"categories":[108],"tags":[],"class_list":["post-38143","post","type-post","status-publish","format-standard","hentry","category-datenschutz-und-informationsfreiheit"],"_links":{"self":[{"href":"https:\/\/iuzb.de\/index.php?rest_route=\/wp\/v2\/posts\/38143","targetHints":{"allow":["GET"]}}],"collection":[{"href":"https:\/\/iuzb.de\/index.php?rest_route=\/wp\/v2\/posts"}],"about":[{"href":"https:\/\/iuzb.de\/index.php?rest_route=\/wp\/v2\/types\/post"}],"author":[{"embeddable":true,"href":"https:\/\/iuzb.de\/index.php?rest_route=\/wp\/v2\/users\/13"}],"replies":[{"embeddable":true,"href":"https:\/\/iuzb.de\/index.php?rest_route=%2Fwp%2Fv2%2Fcomments&post=38143"}],"version-history":[{"count":1,"href":"https:\/\/iuzb.de\/index.php?rest_route=\/wp\/v2\/posts\/38143\/revisions"}],"predecessor-version":[{"id":38144,"href":"https:\/\/iuzb.de\/index.php?rest_route=\/wp\/v2\/posts\/38143\/revisions\/38144"}],"wp:attachment":[{"href":"https:\/\/iuzb.de\/index.php?rest_route=%2Fwp%2Fv2%2Fmedia&parent=38143"}],"wp:term":[{"taxonomy":"category","embeddable":true,"href":"https:\/\/iuzb.de\/index.php?rest_route=%2Fwp%2Fv2%2Fcategories&post=38143"},{"taxonomy":"post_tag","embeddable":true,"href":"https:\/\/iuzb.de\/index.php?rest_route=%2Fwp%2Fv2%2Ftags&post=38143"}],"curies":[{"name":"wp","href":"https:\/\/api.w.org\/{rel}","templated":true}]}}