{"id":38019,"date":"2022-04-04T08:36:44","date_gmt":"2022-04-04T06:36:44","guid":{"rendered":"http:\/\/iuzb.de\/?p=38019"},"modified":"2022-04-04T08:38:01","modified_gmt":"2022-04-04T06:38:01","slug":"aerzte-im-gesundheitsdienst-draengen-auf-eigenen-tarifvertrag","status":"publish","type":"post","link":"https:\/\/iuzb.de\/?p=38019","title":{"rendered":"\u00c4rzte im Gesundheitsdienst dr\u00e4ngen auf eigenen Tarifvertrag &#8211; verglichen mit Kliniken oder dem medizinischen Dienst der Kassen deutlich geringere Grundverg\u00fctung"},"content":{"rendered":"<p><strong><span style=\"font-size: 12pt;\">Hohe Belastung in der Gesundheitsversorgung braucht tarifliche Anerkennung<\/span><\/strong><\/p>\n<p style=\"text-align: justify;\">Das Gesundheitssystem in Deutschland ist weiterhin durch hohe Corona-Infektionszahlen und aktuelle Personalengp\u00e4sse durch Infektionen und Isolationsma\u00dfnahmen extrem belastet. Der Bundesverband der \u00c4rztinnen und \u00c4rzte des \u00d6ffentlichen Gesundheitsdienstes (BV\u00d6GD) unterst\u00fctzt die Forderungen des Marburger Bundes f\u00fcr die \u00c4rztinnen und \u00c4rzte in kommunalen Kliniken.<\/p>\n<p style=\"text-align: justify;\">Im aktuellen Tarifkonflikt zwischen den \u00c4rztinnen und \u00c4rzten der kommunalen Kliniken und der Vereinigung Kommunaler Arbeitgeber kam es bei verh\u00e4rteten Fronten gestern zu bundesweiten Streiks und Demonstrationen. \u201eDie \u00c4rztinnen und \u00c4rzte haben \u2013 wie das Klinikpersonal insgesamt \u2013 seit zwei Jahren \u00dcbermenschliches bei der Pandemiebew\u00e4ltigung geleistet. Nun ist es an der Zeit, das tariflich anzuerkennen und die Erholung an Wochenenden und nach Nachtdiensten zu verbessern \u201c sagte der BV\u00d6GD-Vorsitzende Dr. Johannes Nie\u00dfen.<\/p>\n<p style=\"text-align: justify;\">Unter der Verweigerungshaltung der Vereinigung der kommunalen Arbeitgeber leiden auch die Gesundheits\u00e4mter. Trotz tatkr\u00e4ftiger Unterst\u00fctzung durch den Marburger Bund und die Gesundheitsminister der L\u00e4nder wird den Gesundheits\u00e4mtern ein eigenst\u00e4ndiger \u00c4rztetarif verweigert. Dies hat \u2013 verglichen mit Kliniken oder dem medizinischen Dienst der Kassen \u2013 eine deutlich geringere Grundverg\u00fctung von bis zu 1.500,00 \u20ac zur Folge.<\/p>\n<p style=\"text-align: justify;\">\u201eKolleginnen und Kollegen in den Gesundheits\u00e4mtern haben in der Pandemiegezeigt, dass sie sich mit gro\u00dfem Engagement f\u00fcr die Bev\u00f6lkerung einsetzen. Obwohl der Bund mit dem Pakt f\u00fcr \u00d6GD ausdr\u00fccklich Mittel f\u00fcr eine bessere Verg\u00fctung zur Verf\u00fcgung stellt, weigern sich die kommunalen Arbeitgeber das umzusetzen. Selbst wenn wir jetzt Stellen im Rahmen des Pakts neu besetzen k\u00f6nnen, bleiben die Bewerbungen wegen der schlechten Bezahlung aus\u201c beklagt die stellvertretende BV\u00d6GD-Vorsitzende Dr. Elke Bruns-Philipps.<\/p>\n<p style=\"text-align: justify;\">In den kommunalen Kliniken arbeiten bundesweit rund 55.000 \u00c4rztinnen und \u00c4rzte. In den knapp 400 kommunalen Gesundheits\u00e4mtern sind es aktuell etwa 3.000 \u00c4rztinnen und \u00c4rzte.<\/p>\n<p>Quelle: Bundesverbandes der \u00c4rztinnen und \u00c4rzte des \u00f6ffentlichen Gesundheitsdienstes e.V., P<a href=\"https:\/\/www.bvoegd.de\/hohe-belastung-in-der-gesundheitsversorgung-braucht-tarifliche-anerkennung\/\" target=\"_blank\" rel=\"noopener\">ressemitteilung vom 01.04.2022<\/a><\/p>\n","protected":false},"excerpt":{"rendered":"<p>Hohe Belastung in der Gesundheitsversorgung braucht tarifliche Anerkennung Das Gesundheitssystem in Deutschland ist weiterhin durch hohe Corona-Infektionszahlen und aktuelle Personalengp\u00e4sse durch Infektionen und Isolationsma\u00dfnahmen extrem belastet. Der Bundesverband der \u00c4rztinnen [&#8230;]<\/p>\n","protected":false},"author":13,"featured_media":0,"comment_status":"open","ping_status":"closed","sticky":false,"template":"","format":"standard","meta":{"ngg_post_thumbnail":0,"iawp_total_views":1,"footnotes":""},"categories":[1],"tags":[],"class_list":["post-38019","post","type-post","status-publish","format-standard","hentry","category-allgemein"],"_links":{"self":[{"href":"https:\/\/iuzb.de\/index.php?rest_route=\/wp\/v2\/posts\/38019","targetHints":{"allow":["GET"]}}],"collection":[{"href":"https:\/\/iuzb.de\/index.php?rest_route=\/wp\/v2\/posts"}],"about":[{"href":"https:\/\/iuzb.de\/index.php?rest_route=\/wp\/v2\/types\/post"}],"author":[{"embeddable":true,"href":"https:\/\/iuzb.de\/index.php?rest_route=\/wp\/v2\/users\/13"}],"replies":[{"embeddable":true,"href":"https:\/\/iuzb.de\/index.php?rest_route=%2Fwp%2Fv2%2Fcomments&post=38019"}],"version-history":[{"count":2,"href":"https:\/\/iuzb.de\/index.php?rest_route=\/wp\/v2\/posts\/38019\/revisions"}],"predecessor-version":[{"id":38021,"href":"https:\/\/iuzb.de\/index.php?rest_route=\/wp\/v2\/posts\/38019\/revisions\/38021"}],"wp:attachment":[{"href":"https:\/\/iuzb.de\/index.php?rest_route=%2Fwp%2Fv2%2Fmedia&parent=38019"}],"wp:term":[{"taxonomy":"category","embeddable":true,"href":"https:\/\/iuzb.de\/index.php?rest_route=%2Fwp%2Fv2%2Fcategories&post=38019"},{"taxonomy":"post_tag","embeddable":true,"href":"https:\/\/iuzb.de\/index.php?rest_route=%2Fwp%2Fv2%2Ftags&post=38019"}],"curies":[{"name":"wp","href":"https:\/\/api.w.org\/{rel}","templated":true}]}}