{"id":38012,"date":"2022-03-31T18:51:21","date_gmt":"2022-03-31T16:51:21","guid":{"rendered":"http:\/\/iuzb.de\/?p=38012"},"modified":"2022-03-31T18:56:55","modified_gmt":"2022-03-31T16:56:55","slug":"bfds-offenen-brief-an-bundesgesundheitsminister-lauterbach-und-petition","status":"publish","type":"post","link":"https:\/\/iuzb.de\/?p=38012","title":{"rendered":"BfDS: Neue Telematik Kritik &#8211; Offener Brief an Bundesgesundheitsminister Lauterbach &#8211; Mitzeichnungsfrist endet am 30.04.2022"},"content":{"rendered":"<p style=\"text-align: justify;\">Liebe Kolleginnen und Kollegen,<br \/>\nliebe Mitstreiter und Interessierte,<\/p>\n<p style=\"text-align: justify;\"><em>das BfDS-Kernteam hat einen <a href=\"https:\/\/bfds.tcrcloud.de\/index.php\/s\/oXn7LHxrGjB4e9B\" target=\"_blank\" rel=\"noopener\"><strong>offenen Brief an Bundesgesundheitsminister Lauterbach<\/strong> geschrieben (folgen Sie dem Link)<\/a> , in dem wir ihn auffordern, Konsequenzen aus dem TI-Desaster zu ziehen und nicht nur die Einf\u00fchrung des eRezeptes, sondern die gesamt TI zu stoppen. <\/em><strong><em>Wir freuen uns \u00fcber zahlreiche Mitzeichnende!<\/em><\/strong> <em>Bitte verbreiten Sie das Schreiben in Ihren entsprechenden Netzwerken. Es gen\u00fcgt zum mitzeichnen eine E-Mail mit Betreff \u201eOffener Brief an Herrn Lauterbach&#8220; mit Angabe von Name, ggf. Titel und Wohnort an<\/em> <a href=\"mailto:info@gesundheitsdaten-in-gefahr.de\"><em><strong>info@gesundheitsdaten-in-gefahr.de<\/strong><\/em><\/a><em><strong>. Die Mitzeichnungsfrist endet am 30.4.2022!<\/strong><\/em><\/p>\n<p>Quelle: Aus dem 44. Newsletter des <a href=\"https:\/\/www.gesundheitsdaten-in-gefahr.de\/\" target=\"_blank\" rel=\"noopener\">B\u00fcndnis f\u00fcr Datenschutz und Schweigepflicht (BfDS)<\/a><\/p>\n<blockquote><p><a href=\"https:\/\/www.gesundheitsdaten-in-gefahr.de\/wer-sind-wir\/#\" target=\"_blank\" rel=\"noopener\"><strong>Wir sind<\/strong><\/a> <strong>eine Gruppe von \u00c4rztinnen und \u00c4rzten aller Fachrichtungen<\/strong> sowie psychologischen Psychotherapeutinnen und Psychotherapeuten aus ganz Bayern und handeln parteipolitisch und von Berufsverb\u00e4nden unabh\u00e4ngig. Unser f\u00fchrendes Interesse ist der Schutz der \u00e4rztlichen Schweigepflicht als entscheidende Voraussetzung f\u00fcr eine gelingende Behandlung und das im Grundgesetz verankerte informationelle Selbstbestimmungsrecht der Patientinnen und Patienten, auch der ganz jungen! Denn dieses sehen wir durch die derzeitigen Gesundheitsgesetze erheblich bedroht. <strong>Das B\u00fcndnis versteht sich als basisdemokratisch und solidarisch mit \u00e4hnlichen Interessenvertretungen im Gesundheitswesen. Wir sind kein Verein oder Berufsverband und konkurrieren nicht mit anderen Organisationen.<\/strong><\/p><\/blockquote>\n","protected":false},"excerpt":{"rendered":"<p>Liebe Kolleginnen und Kollegen, liebe Mitstreiter und Interessierte, das BfDS-Kernteam hat einen offenen Brief an Bundesgesundheitsminister Lauterbach geschrieben (folgen Sie dem Link) , in dem wir ihn auffordern, Konsequenzen aus [&#8230;]<\/p>\n","protected":false},"author":13,"featured_media":0,"comment_status":"open","ping_status":"closed","sticky":false,"template":"","format":"standard","meta":{"ngg_post_thumbnail":0,"iawp_total_views":0,"footnotes":""},"categories":[252],"tags":[],"class_list":["post-38012","post","type-post","status-publish","format-standard","hentry","category-telematik"],"_links":{"self":[{"href":"https:\/\/iuzb.de\/index.php?rest_route=\/wp\/v2\/posts\/38012","targetHints":{"allow":["GET"]}}],"collection":[{"href":"https:\/\/iuzb.de\/index.php?rest_route=\/wp\/v2\/posts"}],"about":[{"href":"https:\/\/iuzb.de\/index.php?rest_route=\/wp\/v2\/types\/post"}],"author":[{"embeddable":true,"href":"https:\/\/iuzb.de\/index.php?rest_route=\/wp\/v2\/users\/13"}],"replies":[{"embeddable":true,"href":"https:\/\/iuzb.de\/index.php?rest_route=%2Fwp%2Fv2%2Fcomments&post=38012"}],"version-history":[{"count":6,"href":"https:\/\/iuzb.de\/index.php?rest_route=\/wp\/v2\/posts\/38012\/revisions"}],"predecessor-version":[{"id":38018,"href":"https:\/\/iuzb.de\/index.php?rest_route=\/wp\/v2\/posts\/38012\/revisions\/38018"}],"wp:attachment":[{"href":"https:\/\/iuzb.de\/index.php?rest_route=%2Fwp%2Fv2%2Fmedia&parent=38012"}],"wp:term":[{"taxonomy":"category","embeddable":true,"href":"https:\/\/iuzb.de\/index.php?rest_route=%2Fwp%2Fv2%2Fcategories&post=38012"},{"taxonomy":"post_tag","embeddable":true,"href":"https:\/\/iuzb.de\/index.php?rest_route=%2Fwp%2Fv2%2Ftags&post=38012"}],"curies":[{"name":"wp","href":"https:\/\/api.w.org\/{rel}","templated":true}]}}