{"id":37966,"date":"2022-03-28T09:15:16","date_gmt":"2022-03-28T07:15:16","guid":{"rendered":"http:\/\/iuzb.de\/?p=37966"},"modified":"2022-04-22T12:21:28","modified_gmt":"2022-04-22T10:21:28","slug":"37966","status":"publish","type":"post","link":"https:\/\/iuzb.de\/?p=37966","title":{"rendered":"IUZB Beschwerde zur Wahl der Vertreterversammlung der KZV Berlin vom 07.06.2022 bis 21.06.2022"},"content":{"rendered":"<p><strong><span id=\"page3R_mcid3\" class=\"markedContent\"><span dir=\"ltr\" role=\"presentation\"><a href=\"https:\/\/www.kzv-berlin.de\/fileadmin\/user_upload\/Praxis-Service\/3_Publikationen\/1_Rundschreiben\/2022\/Rundschreiben_2022_4.pdf\" target=\"_blank\" rel=\"noopener\"><img loading=\"lazy\" decoding=\"async\" class=\"alignright wp-image-37977\" src=\"https:\/\/iuzb.de\/wp-content\/uploads\/2022\/03\/2022-03-24-Im-Dialog-mit-dem-KZV-Vorstand.jpg\" alt=\"\" width=\"350\" height=\"465\" srcset=\"https:\/\/iuzb.de\/wp-content\/uploads\/2022\/03\/2022-03-24-Im-Dialog-mit-dem-KZV-Vorstand.jpg 694w, https:\/\/iuzb.de\/wp-content\/uploads\/2022\/03\/2022-03-24-Im-Dialog-mit-dem-KZV-Vorstand-226x300.jpg 226w, https:\/\/iuzb.de\/wp-content\/uploads\/2022\/03\/2022-03-24-Im-Dialog-mit-dem-KZV-Vorstand-90x120.jpg 90w\" sizes=\"auto, (max-width: 350px) 100vw, 350px\" \/><\/a>An den <\/span><\/span><span id=\"page3R_mcid4\" class=\"markedContent\"><span dir=\"ltr\" role=\"presentation\">Wahlausschuss<\/span><\/span><\/strong><span id=\"page3R_mcid5\" class=\"markedContent\"><br role=\"presentation\" \/><span dir=\"ltr\" role=\"presentation\">zur Wahl der Vertreterversammlung der <\/span><\/span><span id=\"page3R_mcid6\" class=\"markedContent\"><span dir=\"ltr\" role=\"presentation\">Kassenzahn\u00e4rztlichen<\/span> <span dir=\"ltr\" role=\"presentation\">Vereinigung<\/span> <span dir=\"ltr\" role=\"presentation\">Berlin <\/span><span dir=\"ltr\" role=\"presentation\">K.d.\u00f6.R.<\/span><\/span><span id=\"page3R_mcid11\" class=\"markedContent\"><br role=\"presentation\" \/><span dir=\"ltr\" role=\"presentation\">Per eMail an: kontakt@kzv-berlin.de<\/span><\/span><\/p>\n<p><strong><span id=\"page3R_mcid12\" class=\"markedContent\"><span dir=\"ltr\" role=\"presentation\">Kopie an:<\/span><\/span><\/strong><span id=\"page3R_mcid13\" class=\"markedContent\"><br role=\"presentation\" \/><span dir=\"ltr\" role=\"presentation\"><strong>Senatsverwaltung<\/strong> f\u00fcr Wissenschaft, <\/span><span dir=\"ltr\" role=\"presentation\">Gesundheit, Pflege und Gleichstellung <\/span><\/span><span id=\"page3R_mcid14\" class=\"markedContent\"><strong><span dir=\"ltr\" role=\"presentation\">Rechtsaufsicht Abteilung I C<\/span><\/strong><\/span><span id=\"page3R_mcid15\" class=\"markedContent\"><\/span><span id=\"page3R_mcid16\" class=\"markedContent\"><br role=\"presentation\" \/><span dir=\"ltr\" role=\"presentation\">Per eMail an: post@sengpg.berlin.de<\/span><\/span><\/p>\n<p>&nbsp;<\/p>\n<ul>\n<li><strong>Beschwerde zur Wahl der Vertreterversammlung der KZV Berlin<\/strong><br \/>\nvom 07.06.2022 bis 21.06.2022<\/li>\n<li><strong>KZV Veranstaltungsreihe \u201eIm Dialog mit dem KZV Vorstand\u201c<\/strong><br \/>\nvom 02.05.2022 bis 25.05.2022<\/li>\n<\/ul>\n<p>&nbsp;<\/p>\n<p style=\"text-align: justify;\"><span id=\"page3R_mcid31\" class=\"markedContent\"><span dir=\"ltr\" role=\"presentation\">Sehr geehrter Herr Vorsitzender Dr. Gro\u00dfb\u00f6lting,<\/span><\/span><span id=\"page3R_mcid32\" class=\"markedContent\"><br role=\"presentation\" \/><span dir=\"ltr\" role=\"presentation\">sehr geehrte Mitglieder des Wahlausschusses,<\/span><\/span><\/p>\n<ul style=\"text-align: justify;\">\n<li><span id=\"page3R_mcid33\" class=\"markedContent\"><\/span><strong><span id=\"page3R_mcid34\" class=\"markedContent\"><span dir=\"ltr\" role=\"presentation\">wir legen<\/span><\/span><span id=\"page3R_mcid35\" class=\"markedContent\"><\/span><\/strong><span id=\"page3R_mcid36\" class=\"markedContent\"><br role=\"presentation\" \/><strong><span dir=\"ltr\" role=\"presentation\">gegen<\/span><\/strong> <span dir=\"ltr\" role=\"presentation\">das KZV-Organ<\/span> <span dir=\"ltr\" role=\"presentation\">\u201e<\/span><span dir=\"ltr\" role=\"presentation\">Vorstand<\/span><span dir=\"ltr\" role=\"presentation\">\u201c<\/span><span dir=\"ltr\" role=\"presentation\">,<\/span><br role=\"presentation\" \/><strong><span dir=\"ltr\" role=\"presentation\">sowie gegen<\/span><\/strong> <span dir=\"ltr\" role=\"presentation\">die drei Vorstandsmitglieder:<\/span><br role=\"presentation\" \/><span dir=\"ltr\" role=\"presentation\">Dr. J\u00f6rg Meyer, Dipl.-Stom. Karsten Geist und Dr. J\u00f6rg-Peter Husemann,<\/span><br role=\"presentation\" \/><strong><span dir=\"ltr\" role=\"presentation\">sowie gegen<\/span><\/strong> <span dir=\"ltr\" role=\"presentation\">deren voraussichtlichen Wahllisten<\/span> <span dir=\"ltr\" role=\"presentation\">\u201e<\/span><span dir=\"ltr\" role=\"presentation\">Verband der Zahn\u00e4rztinnen und<\/span><br role=\"presentation\" \/><span dir=\"ltr\" role=\"presentation\">Zahn\u00e4rzte von Berlin\u201c und \u201eFreier Verband Deutscher Z<\/span><span dir=\"ltr\" role=\"presentation\">ahn\u00e4rzte, Landesverband<\/span><br role=\"presentation\" \/><span dir=\"ltr\" role=\"presentation\">Berlin\u201c (oder deren \u00e4hnlichen Namensgebungen)<\/span><\/span><span id=\"page3R_mcid37\" class=\"markedContent\"><\/span><span id=\"page3R_mcid38\" class=\"markedContent\"><\/span><\/li>\n<\/ul>\n<p style=\"text-align: justify;\"><span id=\"page3R_mcid38\" class=\"markedContent\"><strong><span dir=\"ltr\" role=\"presentation\">Wahlbeschwerde<\/span> <span dir=\"ltr\" role=\"presentation\">ein<\/span><\/strong> <span dir=\"ltr\" role=\"presentation\">und<\/span> <span dir=\"ltr\" role=\"presentation\">bitten<\/span> <span dir=\"ltr\" role=\"presentation\">Sie,<\/span> <span dir=\"ltr\" role=\"presentation\">gegen<\/span> <span dir=\"ltr\" role=\"presentation\">die<\/span> <span dir=\"ltr\" role=\"presentation\">Genannten<\/span> <span dir=\"ltr\" role=\"presentation\">geeignete<\/span> <span dir=\"ltr\" role=\"presentation\">(Zwangs-) <\/span><span dir=\"ltr\" role=\"presentation\">Ma\u00dfnahmen einzuleiten und durchzusetzen.<\/span><\/span><\/p>\n<p style=\"text-align: justify;\"><span style=\"text-decoration: underline;\">Begr\u00fcndung:<\/span><\/p>\n<ol style=\"text-align: justify;\">\n<li>\u00dcber das \u00f6ffentliche Rundschreiben Nr. 4 der KZV Berlin vom 24.03.2022, bietet der Vorstand unter Punkt 12. (Anlage, sowie <a href=\"https:\/\/www.kzv-berlin.de\/praxis-service\/publikationen\/rundschreiben\/2022\/\" target=\"_blank\" rel=\"noopener\">hier<\/a> und <a href=\"https:\/\/www.kzv-berlin.de\/fileadmin\/user_upload\/Praxis-Service\/3_Publikationen\/1_Rundschreiben\/2022\/Rundschreiben_2022_4.pdf\" target=\"_blank\" rel=\"noopener\">hier<\/a>) im Monat Mai 2022 auf ganz Berlin verteilt eine f\u00fcnfmalige Veranstaltungsreihe \u201eIm Dialog mit dem KZV Vorstand\u201c an. Die letzte Veranstaltung ist am <strong>25.05.2022<\/strong> und endet so nur wenige Tage vor Beginn des Wahlzeitraums am <strong>06.04.2022<\/strong>.<br \/>\n<span style=\"color: #ffffff;\">.<\/span><\/li>\n<li>Wir gehen davon aus, dass die jetzigen Mitglieder des Vorstandes der KZV Berlin, die Kollegen Dr. J\u00f6rg Meyer, Herr Dipl.-Stom. Karsten Geist und Dr. J\u00f6rg-Peter Husemann, auch bei dieser Wahl wieder auf den Wahllisten des Verbandes der Zahn\u00e4rztinnen und Zahn\u00e4rzte von Berlin und des FVDZ Landesverband Berlin kandidieren werden und erneut ein Amt als Mitglied des Vorstandes anstreben.<br \/>\n<span style=\"color: #ffffff;\">.<\/span><\/li>\n<li>Nicht nur der Vorstand als ORGAN der KZV Berlin hat R\u00fccksicht auf die Wahl zur Vertreterversammlung zu nehmen, sondern auch die Personen des Organs, zumal wenn sie zur Erlangung eines eigenen wirtschaftlichen Vorteils sich erneut wieder f\u00fcr eine hauptamtliche Amt zur Verf\u00fcgung stellen bzw. dieses konkret anstreben.<br \/>\n<span style=\"color: #ffffff;\">.<\/span><\/li>\n<li>Die Inhalte der Veranstaltungsreihe dienen auch nicht einer dringend zwingenden Information der Mitglieder der KZV Berlin. Es handelt sich vielmehr um regul\u00e4r anstehende Themen, die entweder auch wenige Wochen sp\u00e4ter &#8211; also nach der Wahl &#8211; oder aber auch von Personal der KZV Berlin referiert werden k\u00f6nnten. Es ist daher allein schon von den \u201enormalen\u201c, um nicht zu sagen \u201ebanalen\u201c, Inhalten her davon auszugehen, dass diese Reihe nur dazu dient, sich der W\u00e4hlerschaft positiv zu pr\u00e4sentieren und so f\u00fcr sich und die eigenen Wahllisten um W\u00e4hlerstimmen zu werben. Es ist also in Wahrheit eine Wahlkampfveranstaltung unter missbr\u00e4uchlicher Verwendung (von Ressourcen) der KZV Berlin.<br \/>\n<span style=\"color: #ffffff;\">.<\/span><\/li>\n<li>Der Name der Veranstaltungsreihe \u201eIm Dialog mit dem KZV Vorstand\u201c belegt ebenfalls worum es wirklich geht, n\u00e4mlich einzig und allein um das Ziel sich \u00fcber diese Veranstaltungen als Kandidaten zu pr\u00e4sentieren. Damit verletzen nicht nur die Kandidaten selbst in ihrer Eigenschaft als Organmitglieder, sondern auch die KZV Berlin insgesamt als K\u00f6rperschaft des \u00f6ffentlichen Rechts ihre Neutralit\u00e4tspflicht.<br \/>\n<span style=\"color: #ffffff;\">.<\/span><\/li>\n<li>Dar\u00fcber hinaus ist davon auszugehen, dass f\u00fcr die Veranstaltungen Finanzmittel der KZV Berlin &#8211; mithin also Mitgliedsbeitr\u00e4ge &#8211; eingesetzt werden und es dadurch mithin zu einer Mittelverwendung zugunsten und veranlasst von drei Mitgliedern von zwei gegen\u00fcber uns konkurrierenden Wahllisten und dadurch zu einer weiteren Verletzung des Neutralit\u00e4tsgebots des Vorstandsorgans und der KZV als K\u00f6rperschaft des \u00f6ffentlichen Rechts an sich kommt.<br \/>\n<span style=\"color: #ffffff;\">.<\/span><\/li>\n<li>Wir werfen den Vorstandsmitgliedern daher eine <strong>Verletzung ihrer Amtspflicht<\/strong>, sowie durch die konkrete Ank\u00fcndigung \u201e<strong>F\u00fcr einen kleinen Imbiss ist gesorgt<\/strong>\u201c die <strong>missbr\u00e4uchliche Verwendung von Haushaltsmitteln<\/strong> der KZV Berlin zum eigenen Vorteil vor. Diese Veranstaltungsreihe mit der Vergabe von 3 Fortbildungspunkten als Fortbildungsveranstaltung zu qualifizieren, ist au\u00dferdem ein Desinformationsversuch aller zur anstehenden Wahl berechtigten Mitglieder der KZV Berlin durch den amtierenden Vorstand.<br \/>\n<span style=\"color: #ffffff;\">.<\/span><\/li>\n<li>Der Vorwurf wiegt umso schwerer, weil unseres Wissens alle drei Personen erneut wieder ein Vorstandsamt anstreben, es mithin also f\u00fcr alle drei Personen um die erneute Erlangung einer h\u00f6chst lukrativen Anstellung in einer Gr\u00f6\u00dfenordnung von f\u00fcr alle drei insgesamt rund 760.000 Euro\/Jahr oder, bezogen auf die gesamte n\u00e4chste sechsj\u00e4hrige Legislaturperiode, rund 4,6 Millionen Euro geht (Vorstandsverg\u00fctungen Bundesanzeiger, Webseite IUZB <a href=\"https:\/\/iuzb.de\/?p=37590\" target=\"_blank\" rel=\"noopener\">hier<\/a> und <a href=\"https:\/\/iuzb.de\/wp-content\/uploads\/2022\/03\/2022-03-01-KZBV-KZVen-Verguengshoehe-2021-KZV-Berlin-02.jpg\" target=\"_blank\" rel=\"noopener\">hier<\/a>).<br \/>\n<span style=\"color: #ffffff;\">.<\/span><\/li>\n<\/ol>\n<p style=\"text-align: justify;\">Mit freundlichen Gr\u00fc\u00dfen<\/p>\n<p style=\"text-align: justify;\">gez. Gerhard Gneist<br \/>\nVertrauensperson Wahlliste IUZB Initiative Unabh\u00e4ngige Zahn\u00e4rzte Berlin e.V.<\/p>\n<p style=\"text-align: justify;\"><span style=\"text-decoration: underline;\">Anlage:<\/span><\/p>\n<ul>\n<li style=\"text-align: justify;\">Bildauszug <a href=\"https:\/\/www.kzv-berlin.de\/praxis-service\/publikationen\/rundschreiben\/2022\/\" target=\"_blank\" rel=\"noopener\">KZV Rundschreiben<\/a> <a href=\"https:\/\/www.kzv-berlin.de\/fileadmin\/user_upload\/Praxis-Service\/3_Publikationen\/1_Rundschreiben\/2022\/Rundschreiben_2022_4.pdf\" target=\"_blank\" rel=\"noopener\">Nummer 4 vom 24.03.2022<\/a>, Punkt 12: Veranstaltungsreihe \u201eIm Dialog mit dem KZV Vorstand\u201c<\/li>\n<\/ul>\n","protected":false},"excerpt":{"rendered":"<p>An den Wahlausschusszur Wahl der Vertreterversammlung der Kassenzahn\u00e4rztlichen Vereinigung Berlin K.d.\u00f6.R.Per eMail an: kontakt@kzv-berlin.de Kopie an:Senatsverwaltung f\u00fcr Wissenschaft, Gesundheit, Pflege und Gleichstellung Rechtsaufsicht Abteilung I CPer eMail an: post@sengpg.berlin.de &nbsp; [&#8230;]<\/p>\n","protected":false},"author":13,"featured_media":38321,"comment_status":"open","ping_status":"closed","sticky":false,"template":"","format":"standard","meta":{"ngg_post_thumbnail":0,"iawp_total_views":4,"footnotes":""},"categories":[242,45,276,237],"tags":[],"class_list":["post-37966","post","type-post","status-publish","format-standard","has-post-thumbnail","hentry","category-infobriefe","category-kzv-berlin","category-kzv-wahl-2022","category-vorstand-kzv"],"_links":{"self":[{"href":"https:\/\/iuzb.de\/index.php?rest_route=\/wp\/v2\/posts\/37966","targetHints":{"allow":["GET"]}}],"collection":[{"href":"https:\/\/iuzb.de\/index.php?rest_route=\/wp\/v2\/posts"}],"about":[{"href":"https:\/\/iuzb.de\/index.php?rest_route=\/wp\/v2\/types\/post"}],"author":[{"embeddable":true,"href":"https:\/\/iuzb.de\/index.php?rest_route=\/wp\/v2\/users\/13"}],"replies":[{"embeddable":true,"href":"https:\/\/iuzb.de\/index.php?rest_route=%2Fwp%2Fv2%2Fcomments&post=37966"}],"version-history":[{"count":15,"href":"https:\/\/iuzb.de\/index.php?rest_route=\/wp\/v2\/posts\/37966\/revisions"}],"predecessor-version":[{"id":37983,"href":"https:\/\/iuzb.de\/index.php?rest_route=\/wp\/v2\/posts\/37966\/revisions\/37983"}],"wp:featuredmedia":[{"embeddable":true,"href":"https:\/\/iuzb.de\/index.php?rest_route=\/wp\/v2\/media\/38321"}],"wp:attachment":[{"href":"https:\/\/iuzb.de\/index.php?rest_route=%2Fwp%2Fv2%2Fmedia&parent=37966"}],"wp:term":[{"taxonomy":"category","embeddable":true,"href":"https:\/\/iuzb.de\/index.php?rest_route=%2Fwp%2Fv2%2Fcategories&post=37966"},{"taxonomy":"post_tag","embeddable":true,"href":"https:\/\/iuzb.de\/index.php?rest_route=%2Fwp%2Fv2%2Ftags&post=37966"}],"curies":[{"name":"wp","href":"https:\/\/api.w.org\/{rel}","templated":true}]}}