{"id":37513,"date":"2022-02-24T10:49:16","date_gmt":"2022-02-24T09:49:16","guid":{"rendered":"http:\/\/iuzb.de\/?p=37513"},"modified":"2022-03-19T22:42:28","modified_gmt":"2022-03-19T21:42:28","slug":"iuzb-verurteilt-den-ueberfall-russland-auf-die-ukraine","status":"publish","type":"post","link":"https:\/\/iuzb.de\/?p=37513","title":{"rendered":"IUZB verurteilt den \u00dcberfall von Russland auf die Ukraine"},"content":{"rendered":"<p><a href=\"https:\/\/de.wikipedia.org\/wiki\/Ukraine\" target=\"_blank\" rel=\"noopener\"><img loading=\"lazy\" decoding=\"async\" class=\"alignnone\" src=\"https:\/\/upload.wikimedia.org\/wikipedia\/commons\/thumb\/4\/49\/Flag_of_Ukraine.svg\/1280px-Flag_of_Ukraine.svg.png\" alt=\"\" width=\"494\" height=\"330\" \/><\/a><\/p>\n<p style=\"text-align: justify;\">Der \u00dcberfall von <a href=\"https:\/\/de.wikipedia.org\/wiki\/Russland\" target=\"_blank\" rel=\"noopener\"><b>Russland<\/b><\/a> auf die <a href=\"https:\/\/de.wikipedia.org\/wiki\/Ukraine\" target=\"_blank\" rel=\"noopener\"><b>Ukraine <\/b><\/a>ist von der historischen Bedeutung her vermutlich vergleichbar mit dem \u00dc<a href=\"https:\/\/de.wikipedia.org\/wiki\/%C3%9Cberfall_auf_Polen\" target=\"_blank\" rel=\"noopener\">berfall des nationalsozialistischen Deutschlands auf Polen<\/a> am 01. September 1939 oder dem Bau der <a href=\"https:\/\/de.wikipedia.org\/wiki\/Berliner_Mauer\" target=\"_blank\" rel=\"noopener\">Berliner Mauer<\/a> am 13. August 1961.<\/p>\n<p style=\"text-align: justify;\">Die Geschichte beweist wieder einmal wohin Nationalismus letztendlich f\u00fchrt.<\/p>\n<p style=\"text-align: justify;\">Auch wenn wir nur ein kleiner zahn\u00e4rztlicher Verband in Berlin sind. Dazu k\u00f6nnen wir einfach nicht schweigen.<\/p>\n<p style=\"text-align: justify;\"><strong>Wir verurteilen das demokratiefeindliche Regime um <a href=\"https:\/\/de.wikipedia.org\/wiki\/Wladimir_Wladimirowitsch_Putin\" target=\"_blank\" rel=\"noopener\">Wladimir Wladimirowitsch Putin<\/a>.<\/strong><\/p>\n<p style=\"text-align: justify;\"><strong>Unsere Solidarit\u00e4t und Mitgef\u00fchl geh\u00f6rt der Bev\u00f6lkerung in der Ukraine.<\/strong><\/p>\n<p>&nbsp;<\/p>\n<p>Gerhard Gneist<br \/>\n1. Vorsitzender IUZB e.V.<\/p>\n<p><span style=\"color: #ffffff;\">\u00a0<\/span><\/p>\n","protected":false},"excerpt":{"rendered":"<p>Der \u00dcberfall von Russland auf die Ukraine ist von der historischen Bedeutung her vermutlich vergleichbar mit dem \u00dcberfall des nationalsozialistischen Deutschlands auf Polen am 01. September 1939 oder dem Bau [&#8230;]<\/p>\n","protected":false},"author":13,"featured_media":37672,"comment_status":"open","ping_status":"closed","sticky":false,"template":"","format":"standard","meta":{"ngg_post_thumbnail":0,"iawp_total_views":8,"footnotes":""},"categories":[242],"tags":[],"class_list":["post-37513","post","type-post","status-publish","format-standard","has-post-thumbnail","hentry","category-infobriefe"],"_links":{"self":[{"href":"https:\/\/iuzb.de\/index.php?rest_route=\/wp\/v2\/posts\/37513","targetHints":{"allow":["GET"]}}],"collection":[{"href":"https:\/\/iuzb.de\/index.php?rest_route=\/wp\/v2\/posts"}],"about":[{"href":"https:\/\/iuzb.de\/index.php?rest_route=\/wp\/v2\/types\/post"}],"author":[{"embeddable":true,"href":"https:\/\/iuzb.de\/index.php?rest_route=\/wp\/v2\/users\/13"}],"replies":[{"embeddable":true,"href":"https:\/\/iuzb.de\/index.php?rest_route=%2Fwp%2Fv2%2Fcomments&post=37513"}],"version-history":[{"count":16,"href":"https:\/\/iuzb.de\/index.php?rest_route=\/wp\/v2\/posts\/37513\/revisions"}],"predecessor-version":[{"id":37530,"href":"https:\/\/iuzb.de\/index.php?rest_route=\/wp\/v2\/posts\/37513\/revisions\/37530"}],"wp:featuredmedia":[{"embeddable":true,"href":"https:\/\/iuzb.de\/index.php?rest_route=\/wp\/v2\/media\/37672"}],"wp:attachment":[{"href":"https:\/\/iuzb.de\/index.php?rest_route=%2Fwp%2Fv2%2Fmedia&parent=37513"}],"wp:term":[{"taxonomy":"category","embeddable":true,"href":"https:\/\/iuzb.de\/index.php?rest_route=%2Fwp%2Fv2%2Fcategories&post=37513"},{"taxonomy":"post_tag","embeddable":true,"href":"https:\/\/iuzb.de\/index.php?rest_route=%2Fwp%2Fv2%2Ftags&post=37513"}],"curies":[{"name":"wp","href":"https:\/\/api.w.org\/{rel}","templated":true}]}}