{"id":37506,"date":"2022-02-22T08:33:23","date_gmt":"2022-02-22T07:33:23","guid":{"rendered":"http:\/\/iuzb.de\/?p=37506"},"modified":"2022-02-25T09:42:52","modified_gmt":"2022-02-25T08:42:52","slug":"welche-kooperationsvertraege-zwischen-dem-ppi-und-der-charite-gibt-es","status":"publish","type":"post","link":"https:\/\/iuzb.de\/?p=37506","title":{"rendered":"Welche Kooperationsvertr\u00e4ge zwischen dem PPI und der Charit\u00e9 gibt es?"},"content":{"rendered":"<p style=\"text-align: justify;\">In Vorbereitung auf die Delegiertenversammlung der Zahn\u00e4rztekammer Berlin am <a href=\"https:\/\/iuzb.de\/?p=36843\" target=\"_blank\" rel=\"noopener\">17.02.2022<\/a>, hat die IUZB folgende Anfrage \u00fcber zu hinterfragende Vereinbarungen \u00fcber \u201eAbrechnungsoptimierung\u201c bei der Aufstiegsfortbildung zur Dental Hygienist beim Kammervorstand eingereicht:<\/p>\n<blockquote>\n<p style=\"text-align: justify;\">Sehr geehrter Herr Kollege Heegewaldt,<br \/>\nsehr geehrte Kolleginnen und Kollegen,<br \/>\nsehr geehrter Herr Fischdick,<\/p>\n<p style=\"text-align: justify;\">in der DV am 17.02. bitten wir Sie um die Beantwortung folgender Fragen:<\/p>\n<ul style=\"text-align: justify;\">\n<li>\u2028\u2028welche Kooperationsvertr\u00e4ge zwischen dem PPI und der Charit\u00e9 gibt es ?<\/li>\n<li>gab bzw. gibt es vertragliche Vereinbarungen \u00fcber die Zusammenarbeit bei der Aufstiegsfortbildung zur Dentalhygieniker\/in zwischen dem PPI und der Charit\u00e9?<\/li>\n<li>von wem wurden diese Vereinbarungen unterschrieben, wann wurden sie abgeschlossen, was ist darin geregelt, wurden diese Vertr\u00e4ge gek\u00fcndigt?<\/li>\n<\/ul>\n<p style=\"text-align: justify;\">Wir bitten Sie, allen Delegierten den in diesem Zusammenhang gef\u00fchrten Schriftverkehr zur Verf\u00fcgung zu stellen.<\/p>\n<p style=\"text-align: justify;\">Gerhard Gneist<br \/>\nHelmut Dohmeier-de Haan<br \/>\nAlexander Klutke<\/p>\n<\/blockquote>\n<p style=\"text-align: justify;\">Leider wurde die Beantwortung mit doppelten Antr\u00e4gen zur Gesch\u00e4ftsordnung nach geheimer Abstimmung abgelehnt.<\/p>\n<p style=\"text-align: justify;\">Wir werden diese Fragestellung selbstverst\u00e4ndlich weiterverfolgen.<\/p>\n","protected":false},"excerpt":{"rendered":"<p>In Vorbereitung auf die Delegiertenversammlung der Zahn\u00e4rztekammer Berlin am 17.02.2022, hat die IUZB folgende Anfrage \u00fcber zu hinterfragende Vereinbarungen \u00fcber \u201eAbrechnungsoptimierung\u201c bei der Aufstiegsfortbildung zur Dental Hygienist beim Kammervorstand eingereicht: [&#8230;]<\/p>\n","protected":false},"author":13,"featured_media":0,"comment_status":"open","ping_status":"closed","sticky":false,"template":"","format":"standard","meta":{"ngg_post_thumbnail":0,"iawp_total_views":3,"footnotes":""},"categories":[281,91,242,46,260],"tags":[],"class_list":["post-37506","post","type-post","status-publish","format-standard","hentry","category-charite","category-delegiertenversammlung","category-infobriefe","category-zahnaerztekammer-berlin","category-philipp-pfaff-institut-zahnaerztekammer-berlin"],"_links":{"self":[{"href":"https:\/\/iuzb.de\/index.php?rest_route=\/wp\/v2\/posts\/37506","targetHints":{"allow":["GET"]}}],"collection":[{"href":"https:\/\/iuzb.de\/index.php?rest_route=\/wp\/v2\/posts"}],"about":[{"href":"https:\/\/iuzb.de\/index.php?rest_route=\/wp\/v2\/types\/post"}],"author":[{"embeddable":true,"href":"https:\/\/iuzb.de\/index.php?rest_route=\/wp\/v2\/users\/13"}],"replies":[{"embeddable":true,"href":"https:\/\/iuzb.de\/index.php?rest_route=%2Fwp%2Fv2%2Fcomments&post=37506"}],"version-history":[{"count":4,"href":"https:\/\/iuzb.de\/index.php?rest_route=\/wp\/v2\/posts\/37506\/revisions"}],"predecessor-version":[{"id":37510,"href":"https:\/\/iuzb.de\/index.php?rest_route=\/wp\/v2\/posts\/37506\/revisions\/37510"}],"wp:attachment":[{"href":"https:\/\/iuzb.de\/index.php?rest_route=%2Fwp%2Fv2%2Fmedia&parent=37506"}],"wp:term":[{"taxonomy":"category","embeddable":true,"href":"https:\/\/iuzb.de\/index.php?rest_route=%2Fwp%2Fv2%2Fcategories&post=37506"},{"taxonomy":"post_tag","embeddable":true,"href":"https:\/\/iuzb.de\/index.php?rest_route=%2Fwp%2Fv2%2Ftags&post=37506"}],"curies":[{"name":"wp","href":"https:\/\/api.w.org\/{rel}","templated":true}]}}