{"id":37446,"date":"2022-02-18T11:35:54","date_gmt":"2022-02-18T10:35:54","guid":{"rendered":"http:\/\/iuzb.de\/?p=37446"},"modified":"2022-03-18T13:40:33","modified_gmt":"2022-03-18T12:40:33","slug":"antrag-der-delegierten-miletic-dentista-angenommen-delegierteversammlung-stimmt-fuer-resolution-gegen-die-corona-schutzimpfungspflicht-im-gesundheits-und-plegewesen","status":"publish","type":"post","link":"https:\/\/iuzb.de\/?p=37446","title":{"rendered":"Antrag Mileti\u0107 (Dentista) angenommen: DV stimmt f\u00fcr Resolution gegen Sektorimpfflicht"},"content":{"rendered":"<p>Hier der Antrag, der vergangene Nacht knapp von der <a href=\"https:\/\/iuzb.de\/?p=36843\" target=\"_blank\" rel=\"noopener\">Delegiertenversammlung <\/a>angenommen wurde.<\/p>\n<p><a href=\"https:\/\/iuzb.de\/wp-content\/uploads\/2022\/02\/2022-02-17-4-Antag-Frau-Miletic_-Resolution-DV-zur-Impfpflicht_veroeffentlicht-am-17.02.22-1.pdf\"><img loading=\"lazy\" decoding=\"async\" class=\"alignnone wp-image-37449\" src=\"https:\/\/iuzb.de\/wp-content\/uploads\/2022\/02\/2022-02-17-4-Antag-Frau-Miletic_-Resolution-DV-zur-Impfpflicht.jpg\" alt=\"\" width=\"840\" height=\"894\" srcset=\"https:\/\/iuzb.de\/wp-content\/uploads\/2022\/02\/2022-02-17-4-Antag-Frau-Miletic_-Resolution-DV-zur-Impfpflicht.jpg 915w, https:\/\/iuzb.de\/wp-content\/uploads\/2022\/02\/2022-02-17-4-Antag-Frau-Miletic_-Resolution-DV-zur-Impfpflicht-282x300.jpg 282w, https:\/\/iuzb.de\/wp-content\/uploads\/2022\/02\/2022-02-17-4-Antag-Frau-Miletic_-Resolution-DV-zur-Impfpflicht-113x120.jpg 113w, https:\/\/iuzb.de\/wp-content\/uploads\/2022\/02\/2022-02-17-4-Antag-Frau-Miletic_-Resolution-DV-zur-Impfpflicht-768x818.jpg 768w\" sizes=\"auto, (max-width: 840px) 100vw, 840px\" \/><\/a><\/p>\n<p style=\"text-align: justify;\">Vorangegangen war am 26.01.2022 bereits ein diesbez\u00fcglich inhaltsnaher Brief des Pr\u00e4sidenten der Zahn\u00e4rztekammer Berlin, <strong>Herrn Dr. Karsten Heegewaldt<\/strong>, an die Regierende B\u00fcrgermeisterin von Berlin und an die Senatorin f\u00fcr Wissenschaft, Gesundheit, Pflege und Gleichstellung.<\/p>\n<ul>\n<li style=\"text-align: justify;\"><a href=\"https:\/\/iuzb.de\/?p=37198\" target=\"_blank\" rel=\"noopener\">Auch die Zahn\u00e4rztekammer Berlin schrieb jetzt an den Senat von Berlin einen Bief wegen der Coronaschutzimpfungspflicht f\u00fcr die Besch\u00e4ftigten im Gesundheitswesen<\/a><\/li>\n<\/ul>\n<p>&nbsp;<\/p>\n","protected":false},"excerpt":{"rendered":"<p>Hier der Antrag, der vergangene Nacht knapp von der Delegiertenversammlung angenommen wurde. Vorangegangen war am 26.01.2022 bereits ein diesbez\u00fcglich inhaltsnaher Brief des Pr\u00e4sidenten der Zahn\u00e4rztekammer Berlin, Herrn Dr. Karsten Heegewaldt, [&#8230;]<\/p>\n","protected":false},"author":13,"featured_media":37555,"comment_status":"open","ping_status":"closed","sticky":false,"template":"","format":"standard","meta":{"ngg_post_thumbnail":0,"iawp_total_views":15,"footnotes":""},"categories":[265,91,46],"tags":[],"class_list":["post-37446","post","type-post","status-publish","format-standard","has-post-thumbnail","hentry","category-corona","category-delegiertenversammlung","category-zahnaerztekammer-berlin"],"_links":{"self":[{"href":"https:\/\/iuzb.de\/index.php?rest_route=\/wp\/v2\/posts\/37446","targetHints":{"allow":["GET"]}}],"collection":[{"href":"https:\/\/iuzb.de\/index.php?rest_route=\/wp\/v2\/posts"}],"about":[{"href":"https:\/\/iuzb.de\/index.php?rest_route=\/wp\/v2\/types\/post"}],"author":[{"embeddable":true,"href":"https:\/\/iuzb.de\/index.php?rest_route=\/wp\/v2\/users\/13"}],"replies":[{"embeddable":true,"href":"https:\/\/iuzb.de\/index.php?rest_route=%2Fwp%2Fv2%2Fcomments&post=37446"}],"version-history":[{"count":12,"href":"https:\/\/iuzb.de\/index.php?rest_route=\/wp\/v2\/posts\/37446\/revisions"}],"predecessor-version":[{"id":37559,"href":"https:\/\/iuzb.de\/index.php?rest_route=\/wp\/v2\/posts\/37446\/revisions\/37559"}],"wp:featuredmedia":[{"embeddable":true,"href":"https:\/\/iuzb.de\/index.php?rest_route=\/wp\/v2\/media\/37555"}],"wp:attachment":[{"href":"https:\/\/iuzb.de\/index.php?rest_route=%2Fwp%2Fv2%2Fmedia&parent=37446"}],"wp:term":[{"taxonomy":"category","embeddable":true,"href":"https:\/\/iuzb.de\/index.php?rest_route=%2Fwp%2Fv2%2Fcategories&post=37446"},{"taxonomy":"post_tag","embeddable":true,"href":"https:\/\/iuzb.de\/index.php?rest_route=%2Fwp%2Fv2%2Ftags&post=37446"}],"curies":[{"name":"wp","href":"https:\/\/api.w.org\/{rel}","templated":true}]}}