{"id":37381,"date":"2022-02-11T10:42:59","date_gmt":"2022-02-11T09:42:59","guid":{"rendered":"http:\/\/iuzb.de\/?p=37381"},"modified":"2025-09-06T09:29:35","modified_gmt":"2025-09-06T07:29:35","slug":"bundesverfassungsgericht-erfolgloser-eilantrag-zur-ausservollzugsetzung-der-einrichtungs-und-unternehmensbezogenen-nachweispflicht-nach-%c2%a7-20a-infektionsschutzgesetz","status":"publish","type":"post","link":"https:\/\/iuzb.de\/?p=37381","title":{"rendered":"BVerfG: Erfolgloser Eilantrag zur Au\u00dfervollzugsetzung der \u201eeinrichtungs- und unternehmensbezogenen Nachweispflicht&#8220; nach \u00a7 20a Infektionsschutzgesetz"},"content":{"rendered":"<p style=\"text-align: justify;\">Mit heute ver\u00f6ffentlichtem Beschluss hat der Erste Senat des Bundesverfassungsgerichts einen Antrag auf Erlass einer einstweiligen Anordnung abgelehnt, mit dem die Beschwerdef\u00fchrenden begehrten, den Vollzug von <a href=\"https:\/\/www.gesetze-im-internet.de\/ifsg\/__20a.html\" target=\"_blank\" rel=\"noopener\">\u00a7 20a<\/a> und <a href=\"https:\/\/www.gesetze-im-internet.de\/ifsg\/__73.html\" target=\"_blank\" rel=\"noopener\">\u00a7 73 Abs. 1a Nr. 7e bis 7h Infektionsschutzgesetz (IfSG)<\/a> (\u201eeinrichtungs- und unternehmensbezogene Nachweispflicht\u201c) vorl\u00e4ufig auszusetzen.<\/p>\n<p style=\"text-align: justify;\">Die Einf\u00fchrung der einrichtungs- und unternehmensbezogenen Pflicht zum Nachweis einer Impfung, Genesung oder Kontraindikation in \u00a7 20a IfSG als solche begegnet zum Zeitpunkt der Entscheidung zwar keinen durchgreifenden verfassungsrechtlichen Bedenken. Es bestehen aber jedenfalls Zweifel an der Verfassungsm\u00e4\u00dfigkeit der in <a href=\"https:\/\/www.gesetze-im-internet.de\/ifsg\/__20a.html\" target=\"_blank\" rel=\"noopener\">\u00a7 20a IfSG<\/a> gew\u00e4hlten gesetzlichen Regelungstechnik einer doppelten dynamischen Verweisung, da die Vorschrift auf die COVID-19-Schutzma\u00dfnahmen-Ausnahmenverordnung verweist, die ihrerseits wiederum auf Internetseiten des Paul-Ehrlich-Instituts und des Robert Koch-Instituts verweist. Die abschlie\u00dfende Pr\u00fcfung der Verfassungsm\u00e4\u00dfigkeit bleibt jedoch dem Hauptsacheverfahren vorbehalten.<\/p>\n<p style=\"text-align: justify;\">Die deshalb gebotene Folgenabw\u00e4gung rechtfertigt den Erlass einer einstweiligen Anordnung nicht.<\/p>\n<p style=\"text-align: justify;\">Die hier den Beschwerdef\u00fchrenden drohenden Nachteile \u00fcberwiegen in ihrem Ausma\u00df und ihrer Schwere nicht diejenigen Nachteile, die bei einer vorl\u00e4ufigen Au\u00dferkraftsetzung der angegriffenen Regelung f\u00fcr vulnerable Menschen zu besorgen w\u00e4ren.<\/p>\n<p>Quelle: Bundesverfassungsgericht, Pressemitteilung (Kurzform) vom 11.02.2022. Langform <a href=\"https:\/\/www.bundesverfassungsgericht.de\/SharedDocs\/Pressemitteilungen\/DE\/2022\/bvg22-012.html\" target=\"_blank\" rel=\"noopener\">bitte hier<\/a><\/p>\n","protected":false},"excerpt":{"rendered":"<p>Mit heute ver\u00f6ffentlichtem Beschluss hat der Erste Senat des Bundesverfassungsgerichts einen Antrag auf Erlass einer einstweiligen Anordnung abgelehnt, mit dem die Beschwerdef\u00fchrenden begehrten, den Vollzug von \u00a7 20a und \u00a7 [&#8230;]<\/p>\n","protected":false},"author":13,"featured_media":0,"comment_status":"open","ping_status":"closed","sticky":false,"template":"","format":"standard","meta":{"ngg_post_thumbnail":0,"iawp_total_views":0,"footnotes":""},"categories":[169,265,248,68],"tags":[],"class_list":["post-37381","post","type-post","status-publish","format-standard","hentry","category-bverfg","category-corona","category-leitlinien","category-recht"],"_links":{"self":[{"href":"https:\/\/iuzb.de\/index.php?rest_route=\/wp\/v2\/posts\/37381","targetHints":{"allow":["GET"]}}],"collection":[{"href":"https:\/\/iuzb.de\/index.php?rest_route=\/wp\/v2\/posts"}],"about":[{"href":"https:\/\/iuzb.de\/index.php?rest_route=\/wp\/v2\/types\/post"}],"author":[{"embeddable":true,"href":"https:\/\/iuzb.de\/index.php?rest_route=\/wp\/v2\/users\/13"}],"replies":[{"embeddable":true,"href":"https:\/\/iuzb.de\/index.php?rest_route=%2Fwp%2Fv2%2Fcomments&post=37381"}],"version-history":[{"count":9,"href":"https:\/\/iuzb.de\/index.php?rest_route=\/wp\/v2\/posts\/37381\/revisions"}],"predecessor-version":[{"id":48580,"href":"https:\/\/iuzb.de\/index.php?rest_route=\/wp\/v2\/posts\/37381\/revisions\/48580"}],"wp:attachment":[{"href":"https:\/\/iuzb.de\/index.php?rest_route=%2Fwp%2Fv2%2Fmedia&parent=37381"}],"wp:term":[{"taxonomy":"category","embeddable":true,"href":"https:\/\/iuzb.de\/index.php?rest_route=%2Fwp%2Fv2%2Fcategories&post=37381"},{"taxonomy":"post_tag","embeddable":true,"href":"https:\/\/iuzb.de\/index.php?rest_route=%2Fwp%2Fv2%2Ftags&post=37381"}],"curies":[{"name":"wp","href":"https:\/\/api.w.org\/{rel}","templated":true}]}}