{"id":37271,"date":"2022-02-06T10:23:38","date_gmt":"2022-02-06T09:23:38","guid":{"rendered":"http:\/\/iuzb.de\/?p=37271"},"modified":"2022-06-24T11:44:04","modified_gmt":"2022-06-24T09:44:04","slug":"waehlen-wie-es-uns-gefaellt","status":"publish","type":"post","link":"https:\/\/iuzb.de\/?p=37271","title":{"rendered":"W\u00e4hlen, wie es uns gef\u00e4llt"},"content":{"rendered":"<p>Bericht der dzw vom 27.01.2022, \u00fcber eine vorgezogene Vorstandswahl bei der KZV Westfalen-Lippe, mit welcher die ab dem 05. September dieses Jahres neu zu w\u00e4hlenden Mitglieder der kommenden Vertreterversammlung vor vollendete Tatsachen gestellt werden:<\/p>\n<ul>\n<li>\u00a0<a href=\"https:\/\/dzw.de\/kzv-westfalen-lippe-vorstandswahl-seib-evelt\" target=\"_blank\" rel=\"noopener\">W\u00e4hlen, wie es uns gef\u00e4llt<\/a><\/li>\n<\/ul>\n<p>&nbsp;<\/p>\n<p><span style=\"text-decoration: underline;\">Weiterf\u00fchrend:<\/span><\/p>\n<ul>\n<li>adp, 22.01.2022: \u201e<a href=\"https:\/\/adp-medien.de\/zoom\/adp-news?tx_ttnews%5Btt_news%5D=2236&amp;cHash=25fc87119ddda78cfd92ef7f9dfe6ae9\" target=\"_blank\" rel=\"noopener\">FVDZ will gestalten<\/a>\u201c<\/li>\n<li>Dentista, 23.01.2022: <a href=\"https:\/\/www.facebook.com\/Dentista.eV\/photos\/a.4713511151994345\/5061882563823867\/\" target=\"_blank\" rel=\"noopener\">Da gibt es noch was zu tun\u2026<\/a><\/li>\n<li>Quintessenz Verlag, 24.01.2022: <a href=\"https:\/\/www.quintessence-publishing.com\/deu\/de\/news\/nachrichten\/politik\/kzv-westfalen-lippe-waehlt-vorzeitig-neuen-vorstand\" target=\"_blank\" rel=\"noopener\">KZV Westfalen-Lippe w\u00e4hlt vorzeitig neuen Vorstand<\/a><\/li>\n<li>KZVWL, 24.01.2022:<a href=\"https:\/\/www.zahnaerzte-wl.de\/press\/details\/65\" target=\"_blank\" rel=\"noopener\"> Vorstandswahlen<\/a><\/li>\n<li>KZVWL: &#8222;Vertragszahn\u00e4rzteschaft w\u00e4hlt 2022 neues Parlament&#8220; \/<br \/>\n<a href=\"https:\/\/www.zahnaerzte-wl.de\/pages\/kzv-wahl\" target=\"_blank\" rel=\"noopener\">Wahl der KZV Vertreterversammlung 2022 ab dem 05.09.2022\u00a0<\/a><\/li>\n<\/ul>\n","protected":false},"excerpt":{"rendered":"<p>Bericht der dzw vom 27.01.2022, \u00fcber eine vorgezogene Vorstandswahl bei der KZV Westfalen-Lippe, mit welcher die ab dem 05. September dieses Jahres neu zu w\u00e4hlenden Mitglieder der kommenden Vertreterversammlung vor [&#8230;]<\/p>\n","protected":false},"author":13,"featured_media":0,"comment_status":"open","ping_status":"closed","sticky":false,"template":"","format":"standard","meta":{"ngg_post_thumbnail":0,"iawp_total_views":4,"footnotes":""},"categories":[1,274],"tags":[],"class_list":["post-37271","post","type-post","status-publish","format-standard","hentry","category-allgemein","category-gleichheit"],"_links":{"self":[{"href":"https:\/\/iuzb.de\/index.php?rest_route=\/wp\/v2\/posts\/37271","targetHints":{"allow":["GET"]}}],"collection":[{"href":"https:\/\/iuzb.de\/index.php?rest_route=\/wp\/v2\/posts"}],"about":[{"href":"https:\/\/iuzb.de\/index.php?rest_route=\/wp\/v2\/types\/post"}],"author":[{"embeddable":true,"href":"https:\/\/iuzb.de\/index.php?rest_route=\/wp\/v2\/users\/13"}],"replies":[{"embeddable":true,"href":"https:\/\/iuzb.de\/index.php?rest_route=%2Fwp%2Fv2%2Fcomments&post=37271"}],"version-history":[{"count":17,"href":"https:\/\/iuzb.de\/index.php?rest_route=\/wp\/v2\/posts\/37271\/revisions"}],"predecessor-version":[{"id":37277,"href":"https:\/\/iuzb.de\/index.php?rest_route=\/wp\/v2\/posts\/37271\/revisions\/37277"}],"wp:attachment":[{"href":"https:\/\/iuzb.de\/index.php?rest_route=%2Fwp%2Fv2%2Fmedia&parent=37271"}],"wp:term":[{"taxonomy":"category","embeddable":true,"href":"https:\/\/iuzb.de\/index.php?rest_route=%2Fwp%2Fv2%2Fcategories&post=37271"},{"taxonomy":"post_tag","embeddable":true,"href":"https:\/\/iuzb.de\/index.php?rest_route=%2Fwp%2Fv2%2Ftags&post=37271"}],"curies":[{"name":"wp","href":"https:\/\/api.w.org\/{rel}","templated":true}]}}