{"id":37247,"date":"2022-02-01T13:23:06","date_gmt":"2022-02-01T12:23:06","guid":{"rendered":"http:\/\/iuzb.de\/?p=37247"},"modified":"2022-02-14T18:22:53","modified_gmt":"2022-02-14T17:22:53","slug":"vmf-ab-heute-zfa-werden-zur-gehalts-und-arbeitssituation-befragt","status":"publish","type":"post","link":"https:\/\/iuzb.de\/?p=37247","title":{"rendered":"VmF bis 14.02.2022: ZFA werden zur Gehalts- und Arbeitssituation befragt"},"content":{"rendered":"<p style=\"text-align: justify;\"><em><strong>Der Verband medizinischer Fachberufe e.V. startet heute eine Kurzumfrage zur Gehalts- und Arbeitssituation unter Zahnmedizinischen Fachangestellten<\/strong><\/em><\/p>\n<p style=\"text-align: justify;\">Die Erh\u00f6hung des Mindestlohns auf zw\u00f6lf Euro ist im Oktober geplant, verspricht die Bundesregierung. Inwieweit auch die vom Verband medizinischer Fachberufe e.V. vertretenen Berufsangeh\u00f6rigen davon betroffen sind, will der Verband in den n\u00e4chsten zwei Wochen mit Kurzumfragen bei Medizinischen, Tiermedizinischen, Zahnmedizinischen Fachangestellten und angestellten Zahntechniker*innen ermitteln.<\/p>\n<p style=\"text-align: justify;\">Nachdem gestern die Umfrage f\u00fcr Tiermedizinische Fachangestellte startete, <span style=\"text-decoration: underline;\">werden ab heute die Zahnmedizinischen Fachangestellten (ZFA) um Teilnahme gebeten<\/span>.<\/p>\n<p style=\"text-align: justify;\">Nach Angaben der Gesundheitsberichterstattung des Bundes arbeiteten im Jahr 2019 rund 194.000 ZFA in Deutschlands Zahnarztpraxen. Diese Berufsangeh\u00f6rigen erhalten laut Entgeltatlas der Bundesagentur f\u00fcr Arbeit nach ihrer dreij\u00e4hrigen Ausbildung bei Vollzeitbesch\u00e4ftigung ein mittleres monatliches Bruttoentgelt in H\u00f6he von 2.149 Euro. Selbst f\u00fcr Zahnmedizinische Fachassistent*innen und Prophylaxeassistent*innen, die in der Statistik mit dem Anforderungsniveau \u201eSpezialist\u201c gekennzeichnet sind, werden diesen Daten zufolge nur 2.272 Euro brutto im Mittel angegeben.<\/p>\n<p style=\"text-align: justify;\">\u201eDiese Zahlen und R\u00fcckmeldungen aus vergangenen Umfragen lassen vermuten, dass viele Berufskolleg*innen derzeit nur den Mindestlohn erhalten\u201c, gibt Sylvia Gabel, Referatsleiterin ZFA im Verband medizinischer Fachberufe e.V. zu bedenken und erg\u00e4nzt: \u201eDer mit den Arbeitgeber*innen ausgehandelte Tariflohn liegt zwar bereits im ersten Berufsjahr mit 12,46 Euro \u00fcber dem geplanten Mindestlohn. Aber einerseits gilt dieser Vertrag nicht bundesweit, sondern r\u00e4umlich nur f\u00fcr die Kammerbereiche Hamburg, Hessen, Saarland und Westfalen-Lippe. Und andererseits ist er auch dort nicht verpflichtend. Wir sch\u00e4tzen also, dass viele ZFA von der Erh\u00f6hung des Mindestlohns profitieren. Das ist nur bedingt positiv zu bewerten, denn der Lohnabstand zu un- bzw. angelernten Kr\u00e4ften muss unbedingt beachtet werden, sonst nimmt der Fachkr\u00e4ftemangel weiter zu.\u201c<\/p>\n<p style=\"text-align: justify;\">In der Umfrage auf<\/p>\n<ul>\n<li style=\"text-align: justify;\"><span style=\"font-size: 14pt;\"><a href=\"https:\/\/www.vmf-online.de\/gehaltsumfrage-zfa-2022\" target=\"_blank\" rel=\"noopener\"> www.vmf-online.de\/gehaltsumfrage-zfa-2022<\/a> <\/span><\/li>\n<\/ul>\n<p style=\"text-align: justify;\">werden neben Angaben zum Gehalt auch Fragen zur Wertsch\u00e4tzung und zu Ausstiegsgedanken aus dem Beruf gestellt. Sylvia Gabel fordert dazu auf, dass sich m\u00f6glichst viele ZFA an dieser Umfrage beteiligen, damit eine entsprechende Datenbasis f\u00fcr die bevorstehenden Gehaltsverhandlungen genutzt werden kann. Die Umfrage ist bis zum 14. Februar 2022 online.<\/p>\n<p>Quelle: Verband medizinischer Fachberufe e.V., <a href=\"https:\/\/www.vmf-online.de\/verband\/presse-news\/2022-02-01-umfrage-zfa\" target=\"_blank\" rel=\"noopener\">Pressemitteilung vom 01.02.2022<\/a><\/p>\n","protected":false},"excerpt":{"rendered":"<p>Der Verband medizinischer Fachberufe e.V. startet heute eine Kurzumfrage zur Gehalts- und Arbeitssituation unter Zahnmedizinischen Fachangestellten Die Erh\u00f6hung des Mindestlohns auf zw\u00f6lf Euro ist im Oktober geplant, verspricht die Bundesregierung. [&#8230;]<\/p>\n","protected":false},"author":13,"featured_media":0,"comment_status":"open","ping_status":"closed","sticky":false,"template":"","format":"standard","meta":{"ngg_post_thumbnail":0,"iawp_total_views":1,"footnotes":""},"categories":[268,107],"tags":[],"class_list":["post-37247","post","type-post","status-publish","format-standard","hentry","category-vmf","category-zfa"],"_links":{"self":[{"href":"https:\/\/iuzb.de\/index.php?rest_route=\/wp\/v2\/posts\/37247","targetHints":{"allow":["GET"]}}],"collection":[{"href":"https:\/\/iuzb.de\/index.php?rest_route=\/wp\/v2\/posts"}],"about":[{"href":"https:\/\/iuzb.de\/index.php?rest_route=\/wp\/v2\/types\/post"}],"author":[{"embeddable":true,"href":"https:\/\/iuzb.de\/index.php?rest_route=\/wp\/v2\/users\/13"}],"replies":[{"embeddable":true,"href":"https:\/\/iuzb.de\/index.php?rest_route=%2Fwp%2Fv2%2Fcomments&post=37247"}],"version-history":[{"count":5,"href":"https:\/\/iuzb.de\/index.php?rest_route=\/wp\/v2\/posts\/37247\/revisions"}],"predecessor-version":[{"id":37260,"href":"https:\/\/iuzb.de\/index.php?rest_route=\/wp\/v2\/posts\/37247\/revisions\/37260"}],"wp:attachment":[{"href":"https:\/\/iuzb.de\/index.php?rest_route=%2Fwp%2Fv2%2Fmedia&parent=37247"}],"wp:term":[{"taxonomy":"category","embeddable":true,"href":"https:\/\/iuzb.de\/index.php?rest_route=%2Fwp%2Fv2%2Fcategories&post=37247"},{"taxonomy":"post_tag","embeddable":true,"href":"https:\/\/iuzb.de\/index.php?rest_route=%2Fwp%2Fv2%2Ftags&post=37247"}],"curies":[{"name":"wp","href":"https:\/\/api.w.org\/{rel}","templated":true}]}}