{"id":37198,"date":"2022-01-27T21:32:47","date_gmt":"2022-01-27T20:32:47","guid":{"rendered":"http:\/\/iuzb.de\/?p=37198"},"modified":"2025-09-05T15:16:46","modified_gmt":"2025-09-05T13:16:46","slug":"auch-die-zahnaerztekammer-berlin-schrieb-jetzt-einen-bief","status":"publish","type":"post","link":"https:\/\/iuzb.de\/?p=37198","title":{"rendered":"Auch die Zahn\u00e4rztekammer Berlin &#8211; Pr\u00e4sident Dr. Heegewaldt &#8211; schrieb jetzt an den Senat von Berlin einen Bief wegen der Coronaschutzimpfungspflicht f\u00fcr die Besch\u00e4ftigten im Gesundheitswesen"},"content":{"rendered":"<p><span style=\"font-size: 8pt; color: #ffffff;\">.<\/span><\/p>\n<ul>\n<li><a href=\"https:\/\/iuzb.de\/?p=37015\" target=\"_blank\" rel=\"noopener\">Zahn\u00e4rzte in Sachsen: Impfpflicht \u2013 ja oder nein? Schreiben der K\u00f6rperschaften an die Landesregierung vom 05.01.2022<\/a><\/li>\n<\/ul>\n<p>Der Pr\u00e4sident der Zahn\u00e4rztekammer Berlin, Herr <a href=\"https:\/\/www.zaek-berlin.de\/ueber-uns\/vorstand-geschaeftsfuehrung.html\" target=\"_blank\" rel=\"noopener\">Dr. Karsten Heegewaldt<\/a>, hat mit Datum 26.01.2022 einen inhalts\u00e4hnlichen Brief wie die KZV\/LZKS an die Regierende B\u00fcrgermeisterin, Frau <a href=\"https:\/\/www.berlin.de\/rbmskzl\/regierende-buergermeisterin\/franziska-giffey\/\" target=\"_blank\" rel=\"noopener\">Franziska Giffey<\/a>, und die Senatorin f\u00fcr Wissenschaft, Gesundheit, Pflege und Gleichstellungverschickt, Frau <a href=\"https:\/\/www.berlin.de\/sen\/gpg\/ueber-uns\/leitung\/lebenslauf.1160500.php\" target=\"_blank\" rel=\"noopener\">Ulrike Gote<\/a>, verschickt:<\/p>\n<p>&nbsp;<\/p>\n<blockquote>\n<p style=\"text-align: justify;\"><strong>Auswirkungen der Impfpflicht im Gesundheitswesen auf die zahn\u00e4rztliche Versorgungssituation in Berlin<\/strong><\/p>\n<p style=\"text-align: justify;\">Sehr geehrte Frau Regierende B\u00fcrgermeisterin Giffey,<br \/>\nsehr geehrte Frau Senatorin Gote,<\/p>\n<p style=\"text-align: justify;\">die auf Bundesebene beschlossene alleinige Impfpflicht der Gesundheitsberufe hat in der Zahn\u00e4rzteschaft in Berlin zu einer erheblichen Unruhe gef\u00fchrt. T\u00e4glich erhalten wir besorgte R\u00fcckmeldungen, die uns dazu veranlassen, Sie \u00fcber diesen Umstand in Kenntnis zu setzen.<\/p>\n<p style=\"text-align: justify;\">Wir haben gro\u00dfe Bedenken, dass eine alleinige Impfpflicht der Gesundheitsberufe zu einer irreversiblen Abwanderung von ungeimpftem Personal aus den Praxen bis hin zu Praxisschlie\u00dfungen f\u00fchren wird. Die besondere Belastung, der sich auch die Praxen w\u00e4hrend der vergangenen zwei Jahre ohnehin schon ausgesetzt sahen, haben unsere Mitglieder und die Teams in den Praxen zum Wohle der Patientinnen und Patienten mit au\u00dferordentlichem Engagement, verbunden mit sehr hohen Kosten f\u00fcr z. B. die Hygiene, bestm\u00f6glich bew\u00e4ltigt. Wenn nun zus\u00e4tzlich eine erh\u00f6hte Abwanderung des ohnehin stark belasteten Personals zu erwarten ist, besteht eine hohe Gefahr, dass diese Praxen schlie\u00dfen bzw. zur Schlie\u00dfung verpflichtet werden.<\/p>\n<p style=\"text-align: justify;\">Die Impfpflicht f\u00fchrt nach den R\u00fcckmeldungen, die wir aus der Zahn\u00e4rzteschaft erhalten, in der Regel nicht dazu, sich umgehend impfen zu lassen, sondern eher dazu, den Beruf zu wechseln bzw. die Praxen zu schlie\u00dfen. Dies betrifft vor allen Dingen kleinere sog. \u201eKiez-Praxen\u201c, die oftmals nur eine sehr geringe Anzahl an Mitarbeitenden besch\u00e4ftigen, die aber f\u00fcr eine wohnortnahe Versorgung unerl\u00e4sslich sind.<\/p>\n<p style=\"text-align: justify;\">Auch ist Ihnen sicher bekannt, dass bereits in vielen Praxen, trotz vielf\u00e4ltiger Ma\u00dfnahmen auch der Zahn\u00e4rztekammer Berlin, erhebliche Personalengp\u00e4sse bestehen und eine weitere Abwanderung des Personals nicht mehr ausgeglichen werden kann.<\/p>\n<p style=\"text-align: justify;\">Wir bitten Sie eindringlich und fordern Sie auf, sich im Sinne der patientennahen Versorgung der Berliner B\u00fcrgerinnen und B\u00fcrger dieses Themas anzunehmen. Der Perspektive, sich der Impfung durch einen Wechsel in einen anderen Beruf zu entziehen, kann die Politik nur durch eine allgemeine Impfpflicht begegnen \u2013 jedenfalls nicht mit einer selektiven Impfpflicht nur f\u00fcr diejenigen, die f\u00fcr die Gesundheit der Menschen w\u00e4hrend der Pandemie t\u00e4glich hohe Risiken eingehen.<\/p>\n<p style=\"text-align: justify;\">Unabh\u00e4ngig davon, wie jeder Einzelne von uns zur Frage der Impfung steht, sollte doch ber\u00fccksichtigt werden: Zahnarztpraxen haben als systemrelevante Berufsgruppe aufgrund des exzellenten Hygienemanagements seit Pandemiebeginn und an vorderster Front die zahnmedizinische Versorgung in vollem Umfang aufrechterhalten. Sie waren zu keinem Zeitpunkt der Pandemie Infektionstreiber und werden nun erneut in die Pflicht zur Impfung genommen, nur um diejenigen zu sch\u00fctzen, die zu einer Impfung nicht bereit sind.<\/p>\n<p style=\"text-align: justify;\">Bitte seien Sie sich Ihrer Mitverantwortung bewusst. Lassen Sie uns wissen, wie Sie die Situation bewerten und welche Ma\u00dfnahmen Sie diesbez\u00fcglich planen.<\/p>\n<p style=\"text-align: justify;\">F\u00fcr ein kurzfristiges Gespr\u00e4ch oder weiterf\u00fchrende Informationen steht Ihnen die Zahn\u00e4rztekammer Berlin jederzeit zur Verf\u00fcgung.<\/p>\n<p style=\"text-align: justify;\">Mit freundlichen Gr\u00fc\u00dfen<\/p>\n<p style=\"text-align: justify;\">Dr. Karsten Heegewaldt<br \/>\nPr\u00e4sident<\/p>\n<\/blockquote>\n<p>Quelle: Zahn\u00e4rztekammer Berlin, <a href=\"https:\/\/www.zaek-berlin.de\/presse\/meldungen\/aktuelles\/aktuelles-detail\/article\/impfpflicht-offener-brief-der-zahnaerztekammer-berlin.html\" target=\"_blank\" rel=\"noopener\">Pressemitteilung vom 26.01.2022<\/a>:<\/p>\n<ul>\n<li>&#8222;Impfpflicht: Offener Brief der Zahn\u00e4rztekammer Berlin an die <a href=\"https:\/\/www.zaek-berlin.de\/dateien\/Content\/Dokumente\/Zahn%C3%A4rzte\/Praxisf%C3%BChrung\/Corona\/Schreiben_an_Buergermeisterin_Giffey_26.1.2022.pdf\" target=\"_blank\" rel=\"noopener\">Regierende B\u00fcrgermeisterin von Berlin, Franziska Giffey,<\/a> und die <a href=\"https:\/\/www.zaek-berlin.de\/dateien\/Content\/Dokumente\/Zahn%C3%A4rzte\/Praxisf%C3%BChrung\/Corona\/Schreiben_an_Senatorin_Gote__26.1.2022.pdf\" target=\"_blank\" rel=\"noopener\">Senatorin f\u00fcr Wissenschaft, Gesundheit, Pflege und Gleichstellung, Ulrike Gote<\/a>&#8222;<\/li>\n<\/ul>\n","protected":false},"excerpt":{"rendered":"<p>. Zahn\u00e4rzte in Sachsen: Impfpflicht \u2013 ja oder nein? Schreiben der K\u00f6rperschaften an die Landesregierung vom 05.01.2022 Der Pr\u00e4sident der Zahn\u00e4rztekammer Berlin, Herr Dr. Karsten Heegewaldt, hat mit Datum 26.01.2022 [&#8230;]<\/p>\n","protected":false},"author":13,"featured_media":0,"comment_status":"open","ping_status":"closed","sticky":false,"template":"","format":"standard","meta":{"ngg_post_thumbnail":0,"iawp_total_views":4,"footnotes":""},"categories":[265,248,182,233,46],"tags":[],"class_list":["post-37198","post","type-post","status-publish","format-standard","hentry","category-corona","category-leitlinien","category-senat","category-vorstand-zaek","category-zahnaerztekammer-berlin"],"_links":{"self":[{"href":"https:\/\/iuzb.de\/index.php?rest_route=\/wp\/v2\/posts\/37198","targetHints":{"allow":["GET"]}}],"collection":[{"href":"https:\/\/iuzb.de\/index.php?rest_route=\/wp\/v2\/posts"}],"about":[{"href":"https:\/\/iuzb.de\/index.php?rest_route=\/wp\/v2\/types\/post"}],"author":[{"embeddable":true,"href":"https:\/\/iuzb.de\/index.php?rest_route=\/wp\/v2\/users\/13"}],"replies":[{"embeddable":true,"href":"https:\/\/iuzb.de\/index.php?rest_route=%2Fwp%2Fv2%2Fcomments&post=37198"}],"version-history":[{"count":15,"href":"https:\/\/iuzb.de\/index.php?rest_route=\/wp\/v2\/posts\/37198\/revisions"}],"predecessor-version":[{"id":37478,"href":"https:\/\/iuzb.de\/index.php?rest_route=\/wp\/v2\/posts\/37198\/revisions\/37478"}],"wp:attachment":[{"href":"https:\/\/iuzb.de\/index.php?rest_route=%2Fwp%2Fv2%2Fmedia&parent=37198"}],"wp:term":[{"taxonomy":"category","embeddable":true,"href":"https:\/\/iuzb.de\/index.php?rest_route=%2Fwp%2Fv2%2Fcategories&post=37198"},{"taxonomy":"post_tag","embeddable":true,"href":"https:\/\/iuzb.de\/index.php?rest_route=%2Fwp%2Fv2%2Ftags&post=37198"}],"curies":[{"name":"wp","href":"https:\/\/api.w.org\/{rel}","templated":true}]}}