{"id":37036,"date":"2022-01-19T10:01:08","date_gmt":"2022-01-19T09:01:08","guid":{"rendered":"http:\/\/iuzb.de\/?p=37036"},"modified":"2022-03-14T07:43:02","modified_gmt":"2022-03-14T06:43:02","slug":"aufruf-zur-bildung-der-iuzb-wahlliste-zur-kzv-wahl-2022","status":"publish","type":"post","link":"https:\/\/iuzb.de\/?p=37036","title":{"rendered":"AUFRUF zur Bildung der IUZB Wahlliste zur KZV-Wahl 2022"},"content":{"rendered":"<p style=\"text-align: justify;\"><strong>Liebe Kolleginnen und liebe Kollegen,<\/strong><\/p>\n<p style=\"text-align: justify;\">der Vorstand und die Mandatstr\u00e4ger der IUZB haben gestern beschlossen, dass sich zur Teilnahme an der <a href=\"https:\/\/iuzb.de\/?p=37028\" target=\"_blank\" rel=\"noopener\">Wahl zur Vertreteversammlung der KZV Berlin<\/a> aus der IUZB heraus erneut wieder eine Wahlliste konstituieren soll.<\/p>\n<p style=\"text-align: justify;\">Au\u00dferdem wurde beschlossen, dass die Wahlliste entsprechend der <a href=\"https:\/\/iuzb.de\/wp-content\/uploads\/2008\/06\/IUZB-Satzung-ab-2010-07-09.pdf\" target=\"_blank\" rel=\"noopener\">Satzungs-Pr\u00e4ambel der IUZB<\/a>:<\/p>\n<blockquote>\n<p style=\"text-align: justify;\"><strong>Die Initiative Unabh\u00e4ngige Zahn\u00e4rzte Berlin<\/strong> begreift sich nicht als weiterer konkurrierender Berufsverband neben anderen bereits bestehenden Zusammenschl\u00fcssen von Zahn\u00e4rzten in Berlin. Der Verein <strong>will<\/strong> vielmehr <strong>die M\u00f6glichkeit schaffen, Zersplitterung zu \u00fcberwinden.<\/strong> Der Verein arbeitet mit anderen Zusammenschl\u00fcssen und Verb\u00e4nden zusammen \u2013 bis hin zum Zusammenschluss \u2013 und steht auch den Mitgliedern anderer Zusammenschl\u00fcsse offen. <strong>Ziel und Auftrag des Vereins ist die B\u00fcndelung aller Kr\u00e4fte zum Wohl der Berliner Zahn\u00e4rzteschaft.<\/strong><\/p>\n<\/blockquote>\n<p style=\"text-align: justify;\">auch bei dieser Wahl erneut wieder bereit ist, auch Nicht-Vereinsmitglieder der IUZB in die Wahlliste aufzunehmen.<\/p>\n<p style=\"text-align: justify;\">Wer sich mit den Zielen der IUZB <span data-dobid=\"hdw\">identifizieren<\/span> kann, der wird hiermit gerne gebeten, sich uns anzuschlie\u00dfen und die<\/p>\n<ul style=\"text-align: justify;\">\n<li><a href=\"https:\/\/iuzb.de\/wp-content\/uploads\/2022\/01\/IUZB-Bewerbererklaerung-KZVWahl2022.pdf\" target=\"_blank\" rel=\"noopener\"><strong>Bewerbererkl\u00e4rung<\/strong><\/a> (vorrangig)<\/li>\n<li>und\/oder die <a href=\"https:\/\/iuzb.de\/wp-content\/uploads\/2022\/01\/IUZB-Unterstuezererklaerung-KZVWahl2022.pdf\" target=\"_blank\" rel=\"noopener\">Unterst\u00fctzererkl\u00e4rung<\/a><\/li>\n<\/ul>\n<p style=\"text-align: justify;\">vollst\u00e4ndig auszuf\u00fcllen, eigenh\u00e4ndig zu unterschreiben und im Original per Briefpost an mich zu schicken:<\/p>\n<p style=\"padding-left: 80px; text-align: justify;\">Herrn ZA Gerhard Gneist<br \/>\n1. Vorsitzender IUZB e.V.<br \/>\nSpie\u00dfweg 35<br \/>\n13437 Berlin<\/p>\n<p style=\"text-align: justify;\">Wer Fragen zur Aufnahme in unsere Wahlliste hat, kann sich auch gerne direkt an mich wenden: <a href=\"mailto:ggneist@yahoo.de\" target=\"_blank\" rel=\"noopener\">EMail<\/a> oder Telefon 0173 65 64 726<\/p>\n<p><strong>Herzliche Gr\u00fc\u00dfe<\/strong><\/p>\n<p><strong>Ihr <\/strong><strong>Gerhard Gneist<\/strong><\/p>\n<p><img loading=\"lazy\" decoding=\"async\" class=\"size-full wp-image-16500 alignnone\" src=\"https:\/\/iuzb.de\/wp-content\/uploads\/2013\/08\/Gerhard-Gneist-klein-150.jpg\" alt=\"\" width=\"150\" height=\"200\" \/><\/p>\n<p>&nbsp;<\/p>\n<p><a href=\"https:\/\/iuzb.de\/wp-content\/uploads\/2022\/01\/IUZB-Bewerbererklaerung-KZVWahl2022.pdf\" target=\"_blank\" rel=\"noopener\"><img loading=\"lazy\" decoding=\"async\" class=\"alignnone wp-image-37045 size-full\" src=\"https:\/\/iuzb.de\/wp-content\/uploads\/2022\/01\/IUZB-Bewerbererklaerung-KZVWahl2022-BILD.jpg\" alt=\"\" width=\"793\" height=\"885\" srcset=\"https:\/\/iuzb.de\/wp-content\/uploads\/2022\/01\/IUZB-Bewerbererklaerung-KZVWahl2022-BILD.jpg 793w, https:\/\/iuzb.de\/wp-content\/uploads\/2022\/01\/IUZB-Bewerbererklaerung-KZVWahl2022-BILD-269x300.jpg 269w, https:\/\/iuzb.de\/wp-content\/uploads\/2022\/01\/IUZB-Bewerbererklaerung-KZVWahl2022-BILD-108x120.jpg 108w, https:\/\/iuzb.de\/wp-content\/uploads\/2022\/01\/IUZB-Bewerbererklaerung-KZVWahl2022-BILD-768x857.jpg 768w\" sizes=\"auto, (max-width: 793px) 100vw, 793px\" \/><\/a><\/p>\n","protected":false},"excerpt":{"rendered":"<p>Liebe Kolleginnen und liebe Kollegen, der Vorstand und die Mandatstr\u00e4ger der IUZB haben gestern beschlossen, dass sich zur Teilnahme an der Wahl zur Vertreteversammlung der KZV Berlin aus der IUZB [&#8230;]<\/p>\n","protected":false},"author":8,"featured_media":37053,"comment_status":"closed","ping_status":"closed","sticky":false,"template":"","format":"standard","meta":{"ngg_post_thumbnail":0,"iawp_total_views":2,"footnotes":""},"categories":[242,276],"tags":[],"class_list":["post-37036","post","type-post","status-publish","format-standard","has-post-thumbnail","hentry","category-infobriefe","category-kzv-wahl-2022"],"_links":{"self":[{"href":"https:\/\/iuzb.de\/index.php?rest_route=\/wp\/v2\/posts\/37036","targetHints":{"allow":["GET"]}}],"collection":[{"href":"https:\/\/iuzb.de\/index.php?rest_route=\/wp\/v2\/posts"}],"about":[{"href":"https:\/\/iuzb.de\/index.php?rest_route=\/wp\/v2\/types\/post"}],"author":[{"embeddable":true,"href":"https:\/\/iuzb.de\/index.php?rest_route=\/wp\/v2\/users\/8"}],"replies":[{"embeddable":true,"href":"https:\/\/iuzb.de\/index.php?rest_route=%2Fwp%2Fv2%2Fcomments&post=37036"}],"version-history":[{"count":15,"href":"https:\/\/iuzb.de\/index.php?rest_route=\/wp\/v2\/posts\/37036\/revisions"}],"predecessor-version":[{"id":37095,"href":"https:\/\/iuzb.de\/index.php?rest_route=\/wp\/v2\/posts\/37036\/revisions\/37095"}],"wp:featuredmedia":[{"embeddable":true,"href":"https:\/\/iuzb.de\/index.php?rest_route=\/wp\/v2\/media\/37053"}],"wp:attachment":[{"href":"https:\/\/iuzb.de\/index.php?rest_route=%2Fwp%2Fv2%2Fmedia&parent=37036"}],"wp:term":[{"taxonomy":"category","embeddable":true,"href":"https:\/\/iuzb.de\/index.php?rest_route=%2Fwp%2Fv2%2Fcategories&post=37036"},{"taxonomy":"post_tag","embeddable":true,"href":"https:\/\/iuzb.de\/index.php?rest_route=%2Fwp%2Fv2%2Ftags&post=37036"}],"curies":[{"name":"wp","href":"https:\/\/api.w.org\/{rel}","templated":true}]}}