{"id":37010,"date":"2022-01-18T10:35:32","date_gmt":"2022-01-18T09:35:32","guid":{"rendered":"http:\/\/iuzb.de\/?p=37010"},"modified":"2022-01-18T10:38:04","modified_gmt":"2022-01-18T09:38:04","slug":"bverfg-unzulaessige-verfassungsbeschwerde-gegen-urteil-betreffend-die-einfuehrung-paritaetischer-listen-bei-der-landtagswahl-in-thueringen","status":"publish","type":"post","link":"https:\/\/iuzb.de\/?p=37010","title":{"rendered":"BVerfG: Unzul\u00e4ssige Verfassungsbeschwerde gegen Urteil betreffend die Einf\u00fchrung parit\u00e4tischer Listen bei der Landtagswahl in Th\u00fcringen"},"content":{"rendered":"<p style=\"text-align: justify;\">Mit heute ver\u00f6ffentlichtem Beschluss hat die 1. Kammer des Zweiten Senats eine Verfassungsbeschwerde nicht zur Entscheidung angenommen, die sich gegen ein Urteil des Th\u00fcringer Verfassungsgerichtshofs richtet, in dem das <strong>th\u00fcringische Gesetz zur Einf\u00fchrung parit\u00e4tischer Listen bei der Landtagswahl<\/strong> f\u00fcr nichtig erkl\u00e4rt wurde.<\/p>\n<p style=\"text-align: justify;\"><strong>Die Beschwerdef\u00fchrenden<\/strong> \u2013 zur Landtagswahl Wahlberechtigte und zum Teil Parteimitglieder sowie potenzielle Kandidatinnen und Kandidaten einer Landesliste \u2013 <strong>haben<\/strong> die M\u00f6glichkeit <strong>einer Verletzung von<\/strong> im Verfassungsbeschwerdeverfahren gegen dieses Urteil r\u00fcgef\u00e4higen <strong>Grundrechten und grundrechtsgleichen Gew\u00e4hrleistungen nicht ausreichend dargelegt<\/strong>.<\/p>\n<ul>\n<li>Bundesverfassungsgericht<br \/>\nBeschluss vom 06. Dezember 2021 &#8211; <a href=\"https:\/\/www.bundesverfassungsgericht.de\/SharedDocs\/Entscheidungen\/DE\/2021\/12\/rk20211206_2bvr147020.html\" target=\"_blank\" rel=\"noopener\">2 BvR 1470\/20<\/a><\/li>\n<li><a href=\"https:\/\/www.bundesverfassungsgericht.de\/SharedDocs\/Pressemitteilungen\/DE\/2022\/bvg22-003.html\" target=\"_blank\" rel=\"noopener\">Pressemitteilung Nr. 3\/2022 vom 18. Januar 2022<\/a><\/li>\n<\/ul>\n<p>&nbsp;<\/p>\n<p>&nbsp;<\/p>\n<p><span style=\"text-decoration: underline;\"><strong>Hintergrund:<\/strong><\/span><\/p>\n<p>F\u00fchrte zur Nichtigkeit:<\/p>\n<blockquote><p>\u201eDie Landesliste ist abwechselnd mit Frauen und M\u00e4nnern zu besetzen, wobei der erste Platz mit einer Frau oder einem Mann besetzt werden kann. [\u2026]\u201c.<\/p><\/blockquote>\n","protected":false},"excerpt":{"rendered":"<p>Mit heute ver\u00f6ffentlichtem Beschluss hat die 1. Kammer des Zweiten Senats eine Verfassungsbeschwerde nicht zur Entscheidung angenommen, die sich gegen ein Urteil des Th\u00fcringer Verfassungsgerichtshofs richtet, in dem das th\u00fcringische [&#8230;]<\/p>\n","protected":false},"author":13,"featured_media":0,"comment_status":"open","ping_status":"closed","sticky":false,"template":"","format":"standard","meta":{"ngg_post_thumbnail":0,"iawp_total_views":1,"footnotes":""},"categories":[169,274,68],"tags":[],"class_list":["post-37010","post","type-post","status-publish","format-standard","hentry","category-bverfg","category-gleichheit","category-recht"],"_links":{"self":[{"href":"https:\/\/iuzb.de\/index.php?rest_route=\/wp\/v2\/posts\/37010","targetHints":{"allow":["GET"]}}],"collection":[{"href":"https:\/\/iuzb.de\/index.php?rest_route=\/wp\/v2\/posts"}],"about":[{"href":"https:\/\/iuzb.de\/index.php?rest_route=\/wp\/v2\/types\/post"}],"author":[{"embeddable":true,"href":"https:\/\/iuzb.de\/index.php?rest_route=\/wp\/v2\/users\/13"}],"replies":[{"embeddable":true,"href":"https:\/\/iuzb.de\/index.php?rest_route=%2Fwp%2Fv2%2Fcomments&post=37010"}],"version-history":[{"count":4,"href":"https:\/\/iuzb.de\/index.php?rest_route=\/wp\/v2\/posts\/37010\/revisions"}],"predecessor-version":[{"id":37014,"href":"https:\/\/iuzb.de\/index.php?rest_route=\/wp\/v2\/posts\/37010\/revisions\/37014"}],"wp:attachment":[{"href":"https:\/\/iuzb.de\/index.php?rest_route=%2Fwp%2Fv2%2Fmedia&parent=37010"}],"wp:term":[{"taxonomy":"category","embeddable":true,"href":"https:\/\/iuzb.de\/index.php?rest_route=%2Fwp%2Fv2%2Fcategories&post=37010"},{"taxonomy":"post_tag","embeddable":true,"href":"https:\/\/iuzb.de\/index.php?rest_route=%2Fwp%2Fv2%2Ftags&post=37010"}],"curies":[{"name":"wp","href":"https:\/\/api.w.org\/{rel}","templated":true}]}}