{"id":36958,"date":"2022-01-15T11:05:05","date_gmt":"2022-01-15T10:05:05","guid":{"rendered":"http:\/\/iuzb.de\/?p=36958"},"modified":"2022-01-15T11:10:36","modified_gmt":"2022-01-15T10:10:36","slug":"behinderungen-bei-der-bildung-von-betriebsraeten-sollen-laut-dem-bundesarbeitsminister-bald-als-straftat-verfolgt-werden","status":"publish","type":"post","link":"https:\/\/iuzb.de\/?p=36958","title":{"rendered":"Behinderungen bei der Bildung von Betriebsr\u00e4ten sollen laut dem Bundesarbeitsminister bald als Straftat verfolgt werden"},"content":{"rendered":"<p>Die Zeit, 14.01.2021:<\/p>\n<ul>\n<li><a href=\"https:\/\/www.zeit.de\/politik\/deutschland\/2022-01\/hubertus-heil-betriebsraete-behinderung-straftat\" target=\"_blank\" rel=\"noopener\">Heil will h\u00e4rter gegen St\u00f6rung von Betriebsratsgr\u00fcndungen vorgehen<\/a><\/li>\n<\/ul>\n<p>&nbsp;<\/p>\n<p><span style=\"text-decoration: underline;\">Bisher &#8222;nur&#8220; Antragsdelikt, dass soll sich \u00e4ndern.<br \/>\n<\/span><\/p>\n<p>Heil: &#8222;Viele trauen sich aus Angst um den Job nicht, die Behinderung einer Betriebsratsgr\u00fcndung zur Anzeige zu bringen&#8220;<\/p>\n<ul>\n<li><a href=\"https:\/\/dejure.org\/gesetze\/BetrVG\/119.html\" target=\"_blank\" rel=\"noopener\">\u00a7 119 Straftaten gegen Betriebsverfassungsorgane und ihre Mitglieder<\/a><\/li>\n<\/ul>\n<p>&nbsp;<\/p>\n","protected":false},"excerpt":{"rendered":"<p>Die Zeit, 14.01.2021: Heil will h\u00e4rter gegen St\u00f6rung von Betriebsratsgr\u00fcndungen vorgehen &nbsp; Bisher &#8222;nur&#8220; Antragsdelikt, dass soll sich \u00e4ndern. Heil: &#8222;Viele trauen sich aus Angst um den Job nicht, die [&#8230;]<\/p>\n","protected":false},"author":13,"featured_media":0,"comment_status":"open","ping_status":"closed","sticky":false,"template":"","format":"standard","meta":{"ngg_post_thumbnail":0,"iawp_total_views":0,"footnotes":""},"categories":[1],"tags":[],"class_list":["post-36958","post","type-post","status-publish","format-standard","hentry","category-allgemein"],"_links":{"self":[{"href":"https:\/\/iuzb.de\/index.php?rest_route=\/wp\/v2\/posts\/36958","targetHints":{"allow":["GET"]}}],"collection":[{"href":"https:\/\/iuzb.de\/index.php?rest_route=\/wp\/v2\/posts"}],"about":[{"href":"https:\/\/iuzb.de\/index.php?rest_route=\/wp\/v2\/types\/post"}],"author":[{"embeddable":true,"href":"https:\/\/iuzb.de\/index.php?rest_route=\/wp\/v2\/users\/13"}],"replies":[{"embeddable":true,"href":"https:\/\/iuzb.de\/index.php?rest_route=%2Fwp%2Fv2%2Fcomments&post=36958"}],"version-history":[{"count":4,"href":"https:\/\/iuzb.de\/index.php?rest_route=\/wp\/v2\/posts\/36958\/revisions"}],"predecessor-version":[{"id":36962,"href":"https:\/\/iuzb.de\/index.php?rest_route=\/wp\/v2\/posts\/36958\/revisions\/36962"}],"wp:attachment":[{"href":"https:\/\/iuzb.de\/index.php?rest_route=%2Fwp%2Fv2%2Fmedia&parent=36958"}],"wp:term":[{"taxonomy":"category","embeddable":true,"href":"https:\/\/iuzb.de\/index.php?rest_route=%2Fwp%2Fv2%2Fcategories&post=36958"},{"taxonomy":"post_tag","embeddable":true,"href":"https:\/\/iuzb.de\/index.php?rest_route=%2Fwp%2Fv2%2Ftags&post=36958"}],"curies":[{"name":"wp","href":"https:\/\/api.w.org\/{rel}","templated":true}]}}