{"id":36843,"date":"2022-02-09T18:58:07","date_gmt":"2022-02-09T17:58:07","guid":{"rendered":"http:\/\/iuzb.de\/?p=36843"},"modified":"2022-02-18T19:33:45","modified_gmt":"2022-02-18T18:33:45","slug":"17-02-2022-einladung-zur-delegiertenversammlung","status":"publish","type":"post","link":"https:\/\/iuzb.de\/?p=36843","title":{"rendered":"17.02.2022: Einladung zur Delegiertenversammlung"},"content":{"rendered":"<p><img loading=\"lazy\" decoding=\"async\" class=\"size-full wp-image-36844 alignnone\" src=\"https:\/\/iuzb.de\/wp-content\/uploads\/2022\/01\/17.02.2022-Einladung-zur-Delegiertenversammlung.jpg\" alt=\"\" width=\"664\" height=\"606\" srcset=\"https:\/\/iuzb.de\/wp-content\/uploads\/2022\/01\/17.02.2022-Einladung-zur-Delegiertenversammlung.jpg 664w, https:\/\/iuzb.de\/wp-content\/uploads\/2022\/01\/17.02.2022-Einladung-zur-Delegiertenversammlung-329x300.jpg 329w, https:\/\/iuzb.de\/wp-content\/uploads\/2022\/01\/17.02.2022-Einladung-zur-Delegiertenversammlung-131x120.jpg 131w\" sizes=\"auto, (max-width: 664px) 100vw, 664px\" \/><\/p>\n<p><a href=\"https:\/\/iuzb.de\/wp-content\/uploads\/2022\/01\/2022-02-17-DV-Tagesordnung.jpg\" target=\"_blank\" rel=\"noopener\"><img loading=\"lazy\" decoding=\"async\" class=\"alignnone wp-image-37376 size-full\" src=\"https:\/\/iuzb.de\/wp-content\/uploads\/2022\/01\/2022-02-17-DV-Tagesordnung.jpg\" alt=\"\" width=\"874\" height=\"1253\" srcset=\"https:\/\/iuzb.de\/wp-content\/uploads\/2022\/01\/2022-02-17-DV-Tagesordnung.jpg 874w, https:\/\/iuzb.de\/wp-content\/uploads\/2022\/01\/2022-02-17-DV-Tagesordnung-209x300.jpg 209w, https:\/\/iuzb.de\/wp-content\/uploads\/2022\/01\/2022-02-17-DV-Tagesordnung-84x120.jpg 84w, https:\/\/iuzb.de\/wp-content\/uploads\/2022\/01\/2022-02-17-DV-Tagesordnung-768x1101.jpg 768w\" sizes=\"auto, (max-width: 874px) 100vw, 874px\" \/><\/a><\/p>\n<p><span style=\"text-decoration: underline;\">PS, 17.02.2022:<\/span><\/p>\n<ul>\n<li><a href=\"https:\/\/iuzb.de\/wp-content\/uploads\/2022\/02\/2022-02-17-4-Antag-Frau-Miletic_-Resolution-DV-zur-Impfpflicht_veroeffentlicht-am-17.02.22.pdf\" target=\"_blank\" rel=\"noopener\">Resolution der Delegiertenversammlung der Zahn\u00e4rztekammer Berlin: Antragstellerin Klaudia-Adrijana Mileti\u0107<\/a><\/li>\n<li><a href=\"https:\/\/iuzb.de\/wp-content\/uploads\/2022\/02\/2022-02-17-3-Antraege-IUZB-1-6-DV17.02.2022-geaendert-14.2.2022.pdf\" target=\"_blank\" rel=\"noopener\">Antr\u00e4ge der IUZB<\/a> (Stand 14.02.2022)<\/li>\n<\/ul>\n","protected":false},"excerpt":{"rendered":"<p>PS, 17.02.2022: Resolution der Delegiertenversammlung der Zahn\u00e4rztekammer Berlin: Antragstellerin Klaudia-Adrijana Mileti\u0107 Antr\u00e4ge der IUZB (Stand 14.02.2022)<\/p>\n","protected":false},"author":13,"featured_media":33267,"comment_status":"open","ping_status":"closed","sticky":false,"template":"","format":"standard","meta":{"ngg_post_thumbnail":0,"iawp_total_views":8,"footnotes":""},"categories":[91,46],"tags":[],"class_list":["post-36843","post","type-post","status-publish","format-standard","has-post-thumbnail","hentry","category-delegiertenversammlung","category-zahnaerztekammer-berlin"],"_links":{"self":[{"href":"https:\/\/iuzb.de\/index.php?rest_route=\/wp\/v2\/posts\/36843","targetHints":{"allow":["GET"]}}],"collection":[{"href":"https:\/\/iuzb.de\/index.php?rest_route=\/wp\/v2\/posts"}],"about":[{"href":"https:\/\/iuzb.de\/index.php?rest_route=\/wp\/v2\/types\/post"}],"author":[{"embeddable":true,"href":"https:\/\/iuzb.de\/index.php?rest_route=\/wp\/v2\/users\/13"}],"replies":[{"embeddable":true,"href":"https:\/\/iuzb.de\/index.php?rest_route=%2Fwp%2Fv2%2Fcomments&post=36843"}],"version-history":[{"count":6,"href":"https:\/\/iuzb.de\/index.php?rest_route=\/wp\/v2\/posts\/36843\/revisions"}],"predecessor-version":[{"id":37429,"href":"https:\/\/iuzb.de\/index.php?rest_route=\/wp\/v2\/posts\/36843\/revisions\/37429"}],"wp:featuredmedia":[{"embeddable":true,"href":"https:\/\/iuzb.de\/index.php?rest_route=\/wp\/v2\/media\/33267"}],"wp:attachment":[{"href":"https:\/\/iuzb.de\/index.php?rest_route=%2Fwp%2Fv2%2Fmedia&parent=36843"}],"wp:term":[{"taxonomy":"category","embeddable":true,"href":"https:\/\/iuzb.de\/index.php?rest_route=%2Fwp%2Fv2%2Fcategories&post=36843"},{"taxonomy":"post_tag","embeddable":true,"href":"https:\/\/iuzb.de\/index.php?rest_route=%2Fwp%2Fv2%2Ftags&post=36843"}],"curies":[{"name":"wp","href":"https:\/\/api.w.org\/{rel}","templated":true}]}}