{"id":36837,"date":"2022-01-04T09:00:36","date_gmt":"2022-01-04T08:00:36","guid":{"rendered":"http:\/\/iuzb.de\/?p=36837"},"modified":"2022-01-04T09:32:47","modified_gmt":"2022-01-04T08:32:47","slug":"lobbyregister-seit-januar-muessen-sich-lobbyisten-im-bundestag-oeffentlich-zu-erkennen-geben","status":"publish","type":"post","link":"https:\/\/iuzb.de\/?p=36837","title":{"rendered":"Lobbyregister: Seit Januar m\u00fcssen sich Lobbyisten im Bundestag \u00f6ffentlich zu erkennen geben"},"content":{"rendered":"<p>Die taz (Wolfang Mulke) beschreibt das neue Register:<\/p>\n<ul>\n<li><a href=\"https:\/\/taz.de\/Archiv-Suche\/!5823339\/\" target=\"_blank\" rel=\"noopener\">Startschuss f\u00fcr das LobbyregisterStartschuss f\u00fcr das Lobbyregister<\/a><\/li>\n<\/ul>\n<p>&nbsp;<\/p>\n<p><span style=\"text-decoration: underline;\">Weiterf\u00fchrend:<\/span><\/p>\n<ul>\n<li><a href=\"https:\/\/www.lobbyregister.bundestag.de\/startseite\" target=\"_blank\" rel=\"noopener\">Willkommen auf der Seite des Lobbyregisters<\/a><br \/>\nf\u00fcr die Interessenvertretung gegen\u00fcber dem Deutschen Bundestag und der Bundesregierung<\/li>\n<li><a href=\"https:\/\/www.lobbyregister.bundestag.de\/informationen-und-hilfe\/aktuelles-863556\" target=\"_blank\" rel=\"noopener\">Alle Informationen zum Lobbyregister<\/a><\/li>\n<li><a href=\"https:\/\/iv-iam.lobbyregister.bundestag.de\/auth\/realms\/lobbyreg-iv-admins\/protocol\/openid-connect\/auth?response_type=code&amp;client_id=lobbyreg-iv&amp;redirect_uri=https%3A%2F%2Fiv.lobbyregister.bundestag.de%2Fsso%2Flogin&amp;state=4a648caf-3fd7-45b2-81da-59d8a2d8082c&amp;login=true&amp;ui_locales=de&amp;scope=openid\" target=\"_blank\" rel=\"noopener\">Eintragung in das Lobbyregister als Interessenvertreter\/-in<\/a><\/li>\n<\/ul>\n","protected":false},"excerpt":{"rendered":"<p>Die taz (Wolfang Mulke) beschreibt das neue Register: Startschuss f\u00fcr das LobbyregisterStartschuss f\u00fcr das Lobbyregister &nbsp; Weiterf\u00fchrend: Willkommen auf der Seite des Lobbyregisters f\u00fcr die Interessenvertretung gegen\u00fcber dem Deutschen Bundestag [&#8230;]<\/p>\n","protected":false},"author":13,"featured_media":0,"comment_status":"open","ping_status":"closed","sticky":false,"template":"","format":"standard","meta":{"ngg_post_thumbnail":0,"iawp_total_views":0,"footnotes":""},"categories":[108],"tags":[],"class_list":["post-36837","post","type-post","status-publish","format-standard","hentry","category-datenschutz-und-informationsfreiheit"],"_links":{"self":[{"href":"https:\/\/iuzb.de\/index.php?rest_route=\/wp\/v2\/posts\/36837","targetHints":{"allow":["GET"]}}],"collection":[{"href":"https:\/\/iuzb.de\/index.php?rest_route=\/wp\/v2\/posts"}],"about":[{"href":"https:\/\/iuzb.de\/index.php?rest_route=\/wp\/v2\/types\/post"}],"author":[{"embeddable":true,"href":"https:\/\/iuzb.de\/index.php?rest_route=\/wp\/v2\/users\/13"}],"replies":[{"embeddable":true,"href":"https:\/\/iuzb.de\/index.php?rest_route=%2Fwp%2Fv2%2Fcomments&post=36837"}],"version-history":[{"count":4,"href":"https:\/\/iuzb.de\/index.php?rest_route=\/wp\/v2\/posts\/36837\/revisions"}],"predecessor-version":[{"id":36841,"href":"https:\/\/iuzb.de\/index.php?rest_route=\/wp\/v2\/posts\/36837\/revisions\/36841"}],"wp:attachment":[{"href":"https:\/\/iuzb.de\/index.php?rest_route=%2Fwp%2Fv2%2Fmedia&parent=36837"}],"wp:term":[{"taxonomy":"category","embeddable":true,"href":"https:\/\/iuzb.de\/index.php?rest_route=%2Fwp%2Fv2%2Fcategories&post=36837"},{"taxonomy":"post_tag","embeddable":true,"href":"https:\/\/iuzb.de\/index.php?rest_route=%2Fwp%2Fv2%2Ftags&post=36837"}],"curies":[{"name":"wp","href":"https:\/\/api.w.org\/{rel}","templated":true}]}}