{"id":36803,"date":"2021-12-28T10:06:10","date_gmt":"2021-12-28T09:06:10","guid":{"rendered":"http:\/\/iuzb.de\/?p=36803"},"modified":"2025-09-06T09:28:47","modified_gmt":"2025-09-06T07:28:47","slug":"bundesverfassungsgericht-der-gesetzgeber-muss-vorkehrungen-zum-schutz-behinderter-menschen-fuer-den-fall-einer-pandemiebedingt-auftretenden-triage-treffen","status":"publish","type":"post","link":"https:\/\/iuzb.de\/?p=36803","title":{"rendered":"BVerfG: Der Gesetzgeber muss Vorkehrungen zum Schutz behinderter Menschen f\u00fcr den Fall einer pandemiebedingt auftretenden Triage treffen"},"content":{"rendered":"<p style=\"text-align: justify;\">Mit heute ver\u00f6ffentlichtem Beschluss hat der Erste Senat des Bundesverfassungsgerichts entschieden, dass der Gesetzgeber <a href=\"https:\/\/dejure.org\/gesetze\/GG\/3.html\" target=\"_blank\" rel=\"noopener\">Art.&nbsp;3 Abs.&nbsp;3 Satz&nbsp;2 GG<\/a> verletzt hat, weil er es unterlassen hat, Vorkehrungen zu treffen, damit niemand wegen einer Behinderung bei der Zuteilung \u00fcberlebenswichtiger, nicht f\u00fcr alle zur Verf\u00fcgung stehenden intensivmedizinischer Behandlungsressourcen benachteiligt wird.<\/p>\n<p style=\"text-align: justify;\">Die Beschwerdef\u00fchrenden sind schwer und teilweise schwerst behindert und \u00fcberwiegend auf Assistenz angewiesen. Mit ihrer Verfassungsbeschwerde begehren sie einen wirksamen Schutz vor Benachteiligung von Menschen mit einer Behinderung bei der Entscheidung \u00fcber die Zuteilung intensivmedizinischer Ressourcen, die im Laufe der Coronavirus-Pandemie nicht f\u00fcr alle Behandlungsbed\u00fcrftigen ausreichen k\u00f6nnen, also in einem Fall einer Triage. Sie sind der Auffassung, der Gesetzgeber sch\u00fctze sie in diesem Fall nicht vor einer Diskriminierung aufgrund ihrer Behinderung. Der Erste Senat hatte hier einzig zu entscheiden, ob der Gesetzgeber verpflichtet ist, wirksame Vorkehrungen zu treffen, dass niemand in einem Fall einer Triage aufgrund einer Behinderung benachteiligt wird.<\/p>\n<p style=\"text-align: justify;\">Da der Gesetzgeber solche Vorkehrungen bislang nicht getroffen hat, hat er die aus dem Schutzauftrag des Art. 3 Abs. 3 Satz&nbsp;2 GG hier wegen des Risikos f\u00fcr das h\u00f6chstrangige Rechtsgut Leben (<a href=\"https:\/\/dejure.org\/gesetze\/GG\/2.html\" target=\"_blank\" rel=\"noopener\">Art. 2 Abs. 2 Satz 1 GG<\/a>) folgende konkrete Handlungspflicht verletzt. Der Gesetzgeber muss &#8211; auch im Lichte der <a href=\"https:\/\/www.behindertenrechtskonvention.info\/\" target=\"_blank\" rel=\"noopener\">Behindertenrechtskonvention<\/a> &#8211; daf\u00fcr Sorge tragen, dass jede Benachteiligung wegen einer Behinderung bei der Verteilung pandemiebedingt knapper intensivmedizinischer Behandlungsressourcen hinreichend wirksam verhindert wird. Er ist gehalten, dieser Handlungspflicht unverz\u00fcglich durch geeignete Vorkehrungen nachzukommen. Bei der konkreten Ausgestaltung kommt ihm ein Einsch\u00e4tzungs-, Wertungs- und Gestaltungsspielraum zu.<\/p>\n<p>Quelle: Bundesverfassungsgericht, Newsletter zur <a href=\"https:\/\/www.bundesverfassungsgericht.de\/SharedDocs\/Pressemitteilungen\/DE\/2021\/bvg21-109.html\" target=\"_blank\" rel=\"noopener\">Pressemitteilung vom 28.12.2021<\/a><\/p>\n","protected":false},"excerpt":{"rendered":"<p>Mit heute ver\u00f6ffentlichtem Beschluss hat der Erste Senat des Bundesverfassungsgerichts entschieden, dass der Gesetzgeber Art.&nbsp;3 Abs.&nbsp;3 Satz&nbsp;2 GG verletzt hat, weil er es unterlassen hat, Vorkehrungen zu treffen, damit niemand [&#8230;]<\/p>\n","protected":false},"author":13,"featured_media":0,"comment_status":"open","ping_status":"closed","sticky":false,"template":"","format":"standard","meta":{"ngg_post_thumbnail":0,"iawp_total_views":2,"footnotes":""},"categories":[169,265,68],"tags":[],"class_list":["post-36803","post","type-post","status-publish","format-standard","hentry","category-bverfg","category-corona","category-recht"],"_links":{"self":[{"href":"https:\/\/iuzb.de\/index.php?rest_route=\/wp\/v2\/posts\/36803","targetHints":{"allow":["GET"]}}],"collection":[{"href":"https:\/\/iuzb.de\/index.php?rest_route=\/wp\/v2\/posts"}],"about":[{"href":"https:\/\/iuzb.de\/index.php?rest_route=\/wp\/v2\/types\/post"}],"author":[{"embeddable":true,"href":"https:\/\/iuzb.de\/index.php?rest_route=\/wp\/v2\/users\/13"}],"replies":[{"embeddable":true,"href":"https:\/\/iuzb.de\/index.php?rest_route=%2Fwp%2Fv2%2Fcomments&post=36803"}],"version-history":[{"count":5,"href":"https:\/\/iuzb.de\/index.php?rest_route=\/wp\/v2\/posts\/36803\/revisions"}],"predecessor-version":[{"id":48579,"href":"https:\/\/iuzb.de\/index.php?rest_route=\/wp\/v2\/posts\/36803\/revisions\/48579"}],"wp:attachment":[{"href":"https:\/\/iuzb.de\/index.php?rest_route=%2Fwp%2Fv2%2Fmedia&parent=36803"}],"wp:term":[{"taxonomy":"category","embeddable":true,"href":"https:\/\/iuzb.de\/index.php?rest_route=%2Fwp%2Fv2%2Fcategories&post=36803"},{"taxonomy":"post_tag","embeddable":true,"href":"https:\/\/iuzb.de\/index.php?rest_route=%2Fwp%2Fv2%2Ftags&post=36803"}],"curies":[{"name":"wp","href":"https:\/\/api.w.org\/{rel}","templated":true}]}}