{"id":36431,"date":"2021-12-02T16:32:14","date_gmt":"2021-12-02T15:32:14","guid":{"rendered":"http:\/\/iuzb.de\/?p=36431"},"modified":"2021-12-02T16:44:09","modified_gmt":"2021-12-02T15:44:09","slug":"beschluss-der-konferenz-der-bundeskanzlerin-mit-den-regierungschefinnen-und-regierungschefs-der-laender-vom-02-dezember-2021","status":"publish","type":"post","link":"https:\/\/iuzb.de\/?p=36431","title":{"rendered":"Beschluss der Konferenz der Bundeskanzlerin mit den Regierungschefinnen und Regierungschefs der L\u00e4nder vom 02. Dezember 2021"},"content":{"rendered":"<p><a href=\"https:\/\/www.bundesregierung.de\/resource\/blob\/974430\/1986142\/5873aa09c3896444d247b356b5df4315\/2021-12-02-mpk-bund-laender-data.pdf?download=1\"><img loading=\"lazy\" decoding=\"async\" class=\"size-full wp-image-36432 alignnone\" src=\"https:\/\/iuzb.de\/wp-content\/uploads\/2021\/12\/2021-12-02-Bundesregierung-u-MP.jpg\" alt=\"\" width=\"1053\" height=\"418\" srcset=\"https:\/\/iuzb.de\/wp-content\/uploads\/2021\/12\/2021-12-02-Bundesregierung-u-MP.jpg 1053w, https:\/\/iuzb.de\/wp-content\/uploads\/2021\/12\/2021-12-02-Bundesregierung-u-MP-450x179.jpg 450w, https:\/\/iuzb.de\/wp-content\/uploads\/2021\/12\/2021-12-02-Bundesregierung-u-MP-302x120.jpg 302w, https:\/\/iuzb.de\/wp-content\/uploads\/2021\/12\/2021-12-02-Bundesregierung-u-MP-768x305.jpg 768w\" sizes=\"auto, (max-width: 1053px) 100vw, 1053px\" \/><\/a><\/p>\n<p><a href=\"https:\/\/www.bundesregierung.de\/breg-de\" target=\"_blank\" rel=\"noopener\">Webseite der Bundesregierung<\/a><\/p>\n<blockquote>\n<p style=\"text-align: justify;\">4. Der Bund wird zudem den Kreis der Personen deutlich ausweiten, die Impfungen durchf\u00fchren d\u00fcrfen. Kurzfristig geht das \u00fcber Delegationen, mit denen \u00c4rztinnen und \u00c4rzten an Apothekerinnen und Apotheker sowie Pflegefachkr\u00e4fte, etwa in Altenheimen die Impfung delegieren d\u00fcrfen. <span style=\"background-color: #ff0000;\">Dar\u00fcber hinaus soll eine gesetzliche \u00c4nderung erfolgen f\u00fcr<\/span> Apothekerinnen und Apotheker, <span style=\"background-color: #ff0000;\">Zahn\u00e4rztinnen und Zahn\u00e4rzte<\/span> und weitere, <span style=\"background-color: #ff0000;\">um den Kreis der Berechtigten, die in der Corona-Pandemie Impfungen durchf\u00fchren k\u00f6nnen, auszuweiten.<\/span><\/p>\n<p style=\"text-align: justify;\">16. Der Bund wird eine <span style=\"background-color: #ff0000;\">einrichtungsbezogene Impfpflicht<\/span> f\u00fcr Besch\u00e4ftigte auf den Weg bringen, z.B. in Altenpflegeeinrichtungen und Krankenh\u00e4usern.<\/p>\n<p style=\"text-align: justify;\">17. Bund und L\u00e4nder begr\u00fc\u00dfen es, dass der Deutsche Bundestag zeitnah \u00fcber eine <span style=\"background-color: #ff0000;\">allgemeine Impfpflicht<\/span> entscheiden will. Sie kann greifen, sobald sichergestellt werden kann, dass alle zu Impfenden auch zeitnah geimpft werden k\u00f6nnen, also <span style=\"background-color: #ff0000;\">etwa ab Februar 2022<span style=\"background-color: #ffffff;\">.<\/span><\/span> Bund und L\u00e4nder bitten den Ethikrat, hierzu bis Jahresende eine Empfehlung zu erarbeiten.<\/p>\n<\/blockquote>\n","protected":false},"excerpt":{"rendered":"<p>Webseite der Bundesregierung 4. Der Bund wird zudem den Kreis der Personen deutlich ausweiten, die Impfungen durchf\u00fchren d\u00fcrfen. Kurzfristig geht das \u00fcber Delegationen, mit denen \u00c4rztinnen und \u00c4rzten an Apothekerinnen [&#8230;]<\/p>\n","protected":false},"author":13,"featured_media":0,"comment_status":"open","ping_status":"closed","sticky":false,"template":"","format":"standard","meta":{"ngg_post_thumbnail":0,"iawp_total_views":2,"footnotes":""},"categories":[1],"tags":[],"class_list":["post-36431","post","type-post","status-publish","format-standard","hentry","category-allgemein"],"_links":{"self":[{"href":"https:\/\/iuzb.de\/index.php?rest_route=\/wp\/v2\/posts\/36431","targetHints":{"allow":["GET"]}}],"collection":[{"href":"https:\/\/iuzb.de\/index.php?rest_route=\/wp\/v2\/posts"}],"about":[{"href":"https:\/\/iuzb.de\/index.php?rest_route=\/wp\/v2\/types\/post"}],"author":[{"embeddable":true,"href":"https:\/\/iuzb.de\/index.php?rest_route=\/wp\/v2\/users\/13"}],"replies":[{"embeddable":true,"href":"https:\/\/iuzb.de\/index.php?rest_route=%2Fwp%2Fv2%2Fcomments&post=36431"}],"version-history":[{"count":7,"href":"https:\/\/iuzb.de\/index.php?rest_route=\/wp\/v2\/posts\/36431\/revisions"}],"predecessor-version":[{"id":36439,"href":"https:\/\/iuzb.de\/index.php?rest_route=\/wp\/v2\/posts\/36431\/revisions\/36439"}],"wp:attachment":[{"href":"https:\/\/iuzb.de\/index.php?rest_route=%2Fwp%2Fv2%2Fmedia&parent=36431"}],"wp:term":[{"taxonomy":"category","embeddable":true,"href":"https:\/\/iuzb.de\/index.php?rest_route=%2Fwp%2Fv2%2Fcategories&post=36431"},{"taxonomy":"post_tag","embeddable":true,"href":"https:\/\/iuzb.de\/index.php?rest_route=%2Fwp%2Fv2%2Ftags&post=36431"}],"curies":[{"name":"wp","href":"https:\/\/api.w.org\/{rel}","templated":true}]}}