{"id":36175,"date":"2021-11-19T16:03:11","date_gmt":"2021-11-19T15:03:11","guid":{"rendered":"http:\/\/iuzb.de\/?p=36175"},"modified":"2021-11-23T14:55:10","modified_gmt":"2021-11-23T13:55:10","slug":"4-delegiertenversammlung-der-zahnaerztekammer-berlin-dr-ufuk-adali-mit-grosser-mehrheit-als-neues-vorstandsmitglied-gewaehlt","status":"publish","type":"post","link":"https:\/\/iuzb.de\/?p=36175","title":{"rendered":"4. Delegiertenversammlung der Zahn\u00e4rztekammer Berlin: Dr. Ufuk Adali mit gro\u00dfer Mehrheit als neues Vorstandsmitglied gew\u00e4hlt"},"content":{"rendered":"<p style=\"text-align: justify;\"><strong>Berlin, 19.11.2021<\/strong> \u2013 Die Delegierten der Zahn\u00e4rztekammer (Z\u00c4K) Berlin haben auf ihrer <a href=\"https:\/\/iuzb.de\/?p=35629\" target=\"_blank\" rel=\"noopener\">4. Ordentlichen Delegiertenversammlung am 11. November 2021<\/a> <strong>Dr. Ufuk Adali<\/strong> mit gro\u00dfer Mehrheit als neues Vorstandsmitglied der Z\u00c4K Berlin gew\u00e4hlt. Der <a href=\"https:\/\/prothetik.charite.de\/metas\/person\/person\/address_detail\/adali\/\" target=\"_blank\" rel=\"noopener\">Oberarzt an der Zahnklinik der Charit\u00e9 \u2013 Universit\u00e4tsmedizin Berlin in der Abteilung f\u00fcr Zahn\u00e4rztliche Prothetik, Alterszahnmedizin und Funktionslehre<\/a> erg\u00e4nzt damit den seit 11. Februar 2021 amtierenden Vorstand als achtes Mitglied und \u00fcbernimmt die Leitung des <a href=\"https:\/\/www.zaek-berlin.de\/praxisteam\/ref-aus-und-fortbildung-zfa.html\" target=\"_blank\" rel=\"noopener\">Referats Aus- und Fortbildung Zahnmedizinische Fachangestellte (ZFA)<\/a>. Grund f\u00fcr die Wahl eines neuen Beisitzers war das <a href=\"https:\/\/iuzb.de\/?p=35370\" target=\"_blank\" rel=\"noopener\">Ausscheiden seiner Vorg\u00e4ngerin Z\u00c4 Irina Hahn am 31. August 2021<\/a>, die beruflich in ein anderes Bundesland und damit in eine andere Landeszahn\u00e4rztekammer wechselte.<\/p>\n<blockquote>\n<p style=\"text-align: justify;\">\u201eIch bedanke mich sehr f\u00fcr das entgegengebrachte Vertrauen\u201c, betont <strong>Adali<\/strong> in einer ersten Stellungnahme. \u201eDas ZFA-Referat ist sehr gut aufgestellt und bereit, laufende und zuk\u00fcnftige Projekte tatkr\u00e4ftig anzugehen. Mein gro\u00dfes Ziel ist die Akquise von neuen Auszubildenden und Quereinsteigenden sowie die Unterst\u00fctzung verschiedener Initiativen und Projekte in diesem Zusammenhang. Ein wichtiges Thema ist ebenfalls die Begleitung der ZFA bis zu einem erfolgreichen Ausbildungsabschluss. Die St\u00e4rkung der Zusammenarbeit zwischen Zahn\u00e4rztekammer, Oberstufenzentren und Praxen hat ebenfalls wie die Umsetzung der neuen Ausbildungsordnung eine hohe Priorit\u00e4t in meiner zuk\u00fcnftigen Referatst\u00e4tigkeit.\u201c<\/p>\n<\/blockquote>\n<p style=\"text-align: justify;\"><strong>Dr. Karsten Heegewaldt<\/strong>, der die Leitung des ZFA-Referats bis zur Neuwahl kommissarisch \u00fcbernommen hatte, freut sich \u00fcber die kollegiale Verst\u00e4rkung in der Z\u00c4K Berlin:<\/p>\n<blockquote>\n<p style=\"text-align: justify;\">\u201eMit seiner Erfahrung als Oberarzt und Personalleiter an der Charit\u00e9 \u2013 Zahnklinik ist Herr Dr. Adali eine hervorragende und sehr willkommene Erg\u00e4nzung unseres Vorstandsteams. Wir freuen uns auf eine gute und konstruktive Zusammenarbeit und w\u00fcnschen ihm und seinen kompetenten Mitarbeiterinnen im Referat f\u00fcr alle bevorstehenden Herausforderungen gutes Gelingen, insbesondere bei der Implementierung der neuen Ausbildungsordnung ab August 2022.\u201c<\/p>\n<\/blockquote>\n<p style=\"text-align: justify;\"><strong>Die <a href=\"https:\/\/www.zaek-berlin.de\/ueber-uns\/vorstand-geschaeftsfuehrung.html\" target=\"_blank\" rel=\"noopener\">Vorstandsmitglieder<\/a> der Zahn\u00e4rztekammer Berlin<\/strong><br \/>\nFolgende acht Mitglieder vertreten die berufspolitischen Interessen der Berliner Zahn\u00e4rzteschaft:<\/p>\n<ul>\n<li style=\"text-align: justify;\"><strong>Dr. Karsten Heegewaldt<\/strong> (Pr\u00e4sident),<\/li>\n<li style=\"text-align: justify;\"><strong>Z\u00c4 Barbara Plaster<\/strong> (Vizepr\u00e4sidentin und Referatsleiterin \u00d6ffentlichkeitsarbeit),<\/li>\n<li style=\"text-align: justify;\"><strong>Dr. Ufuk Adali<\/strong> (Referatsleiter Aus- und Fortbildung ZFA),<\/li>\n<li style=\"text-align: justify;\"><strong>Dr. J\u00fcrgen Brandt<\/strong> (Referatsleiter Geb\u00fchrenordnung f\u00fcr Zahn\u00e4rzte | Haushalt und Finanzen),<\/li>\n<li style=\"text-align: justify;\"><strong>Dr. Maryam Chuadja<\/strong> (Referatsleiterin Zahn\u00e4rztliche Fort- und Weiterbildung | Junge Zahn\u00e4rzte | Beruf und Familie),<\/li>\n<li style=\"text-align: justify;\"><strong>Dr. Juliane von Hoyningen-Huene<\/strong> (Referatsleiterin Praxisf\u00fchrung | BuS-Dienst),<\/li>\n<li style=\"text-align: justify;\"><strong>Fachzahnarzt Winnetou Kampmann<\/strong> (Referatsleiter Berufsrecht | Mitgliederverwaltung | Strahlenschutz) und<\/li>\n<li style=\"text-align: justify;\"><strong>Dr. Silke Riemer<\/strong> (Referatsleiterin Pr\u00e4vention | Gesellschaftliches Engagement).<\/li>\n<\/ul>\n<p>Die Laufzeit der Legislaturperiode betr\u00e4gt aufgrund des neuen Berliner Heilberufekammergesetzes f\u00fcnf Jahre und endet 2026.<\/p>\n<p>Quelle: Zahn\u00e4rztekammer Berlin: Pressemitteilung vom 19.11.2021<\/p>\n","protected":false},"excerpt":{"rendered":"<p>Berlin, 19.11.2021 \u2013 Die Delegierten der Zahn\u00e4rztekammer (Z\u00c4K) Berlin haben auf ihrer 4. Ordentlichen Delegiertenversammlung am 11. November 2021 Dr. Ufuk Adali mit gro\u00dfer Mehrheit als neues Vorstandsmitglied der Z\u00c4K [&#8230;]<\/p>\n","protected":false},"author":13,"featured_media":0,"comment_status":"open","ping_status":"closed","sticky":false,"template":"","format":"standard","meta":{"ngg_post_thumbnail":0,"iawp_total_views":4,"footnotes":""},"categories":[91,233,46],"tags":[],"class_list":["post-36175","post","type-post","status-publish","format-standard","hentry","category-delegiertenversammlung","category-vorstand-zaek","category-zahnaerztekammer-berlin"],"_links":{"self":[{"href":"https:\/\/iuzb.de\/index.php?rest_route=\/wp\/v2\/posts\/36175","targetHints":{"allow":["GET"]}}],"collection":[{"href":"https:\/\/iuzb.de\/index.php?rest_route=\/wp\/v2\/posts"}],"about":[{"href":"https:\/\/iuzb.de\/index.php?rest_route=\/wp\/v2\/types\/post"}],"author":[{"embeddable":true,"href":"https:\/\/iuzb.de\/index.php?rest_route=\/wp\/v2\/users\/13"}],"replies":[{"embeddable":true,"href":"https:\/\/iuzb.de\/index.php?rest_route=%2Fwp%2Fv2%2Fcomments&post=36175"}],"version-history":[{"count":8,"href":"https:\/\/iuzb.de\/index.php?rest_route=\/wp\/v2\/posts\/36175\/revisions"}],"predecessor-version":[{"id":36183,"href":"https:\/\/iuzb.de\/index.php?rest_route=\/wp\/v2\/posts\/36175\/revisions\/36183"}],"wp:attachment":[{"href":"https:\/\/iuzb.de\/index.php?rest_route=%2Fwp%2Fv2%2Fmedia&parent=36175"}],"wp:term":[{"taxonomy":"category","embeddable":true,"href":"https:\/\/iuzb.de\/index.php?rest_route=%2Fwp%2Fv2%2Fcategories&post=36175"},{"taxonomy":"post_tag","embeddable":true,"href":"https:\/\/iuzb.de\/index.php?rest_route=%2Fwp%2Fv2%2Ftags&post=36175"}],"curies":[{"name":"wp","href":"https:\/\/api.w.org\/{rel}","templated":true}]}}