{"id":36117,"date":"2021-11-16T08:24:06","date_gmt":"2021-11-16T07:24:06","guid":{"rendered":"http:\/\/iuzb.de\/?p=36117"},"modified":"2022-08-24T06:23:16","modified_gmt":"2022-08-24T04:23:16","slug":"lg-berlin-ueber-negativzinsen-mit-wesentlichen-grundgedanken-der-gesetzlichen-regelung-nicht-zu-vereinbaren","status":"publish","type":"post","link":"https:\/\/iuzb.de\/?p=36117","title":{"rendered":"LG Berlin \u00fcber Negativzinsen: \u201emit wesentlichen Grundgedanken der gesetzlichen Regelung nicht zu vereinbaren\u201c"},"content":{"rendered":"<p>Laut einem aktuellen Urteil des Landgericht Berlin, ist die Berechnung eines Verwahrentgelts bei Giro- und Tagesgeldkonten \u201emit [dem] wesentlichen Grundgedanken der gesetzlichen Regelung nicht zu vereinbaren\u201c (Az. 16 O 43\/21).<\/p>\n<p>Das Urteil hat der Verbraucherzentrale Bundesverband (<a href=\"https:\/\/www.vzbv.de\/\" target=\"_blank\" rel=\"noopener\">VZBV<\/a>) gegen die Sparda Bank Berlin erstritten.<\/p>\n<p>Berichterstattung im Handelsblatt:<\/p>\n<ul>\n<li><a href=\"https:\/\/www.handelsblatt.com\/finanzen\/banken-versicherungen\/banken\/minuszinsen-klage-von-verbraucherschuetzern-das-landgericht-berlin-haelt-negativzinsen-der-sparda-bank-berlin-fuer-unzulaessig\/27798608.html\" target=\"_blank\" rel=\"noopener\">Klage von Verbrauchersch\u00fctzern: Das Landgericht Berlin h\u00e4lt Negativzinsen der Sparda-Bank Berlin f\u00fcr unzul\u00e4ssig<\/a><\/li>\n<\/ul>\n<p>Pressemitteilungen des <a href=\"https:\/\/www.berlin.de\/presse\/pressemitteilungen\/index\/search?institutions%5B%5D=Kammergericht+Berlin&amp;institutions%5B%5D=Landesarbeitsgericht+%2F+Arbeitsgericht&amp;institutions%5B%5D=Oberverwaltungsgericht+Berlin-Brandenburg&amp;institutions%5B%5D=Sozialgericht+Berlin&amp;institutions%5B%5D=Staats-+und+Amtsanwaltschaften+Berlin&amp;institutions%5B%5D=Verfassungsgerichtshof+des+Landes+Berlin&amp;institutions%5B%5D=Verwaltungsgericht+Berlin\" target=\"_blank\" rel=\"noopener\">Gerichts<\/a>, der <a href=\"https:\/\/www.vzbv.de\/presse\/pressemitteilungen\" target=\"_blank\" rel=\"noopener\">Verbraucherzentrale<\/a> oder der <a href=\"https:\/\/www.sparda-b.de\/presse.html\" target=\"_blank\" rel=\"noopener\">Bank<\/a> liegen (bisher noch) nicht vor.<\/p>\n","protected":false},"excerpt":{"rendered":"<p>Laut einem aktuellen Urteil des Landgericht Berlin, ist die Berechnung eines Verwahrentgelts bei Giro- und Tagesgeldkonten \u201emit [dem] wesentlichen Grundgedanken der gesetzlichen Regelung nicht zu vereinbaren\u201c (Az. 16 O 43\/21). [&#8230;]<\/p>\n","protected":false},"author":13,"featured_media":0,"comment_status":"open","ping_status":"closed","sticky":false,"template":"","format":"standard","meta":{"ngg_post_thumbnail":0,"iawp_total_views":1,"footnotes":""},"categories":[68,332],"tags":[],"class_list":["post-36117","post","type-post","status-publish","format-standard","hentry","category-recht","category-verbraucherzentralen"],"_links":{"self":[{"href":"https:\/\/iuzb.de\/index.php?rest_route=\/wp\/v2\/posts\/36117","targetHints":{"allow":["GET"]}}],"collection":[{"href":"https:\/\/iuzb.de\/index.php?rest_route=\/wp\/v2\/posts"}],"about":[{"href":"https:\/\/iuzb.de\/index.php?rest_route=\/wp\/v2\/types\/post"}],"author":[{"embeddable":true,"href":"https:\/\/iuzb.de\/index.php?rest_route=\/wp\/v2\/users\/13"}],"replies":[{"embeddable":true,"href":"https:\/\/iuzb.de\/index.php?rest_route=%2Fwp%2Fv2%2Fcomments&post=36117"}],"version-history":[{"count":1,"href":"https:\/\/iuzb.de\/index.php?rest_route=\/wp\/v2\/posts\/36117\/revisions"}],"predecessor-version":[{"id":36118,"href":"https:\/\/iuzb.de\/index.php?rest_route=\/wp\/v2\/posts\/36117\/revisions\/36118"}],"wp:attachment":[{"href":"https:\/\/iuzb.de\/index.php?rest_route=%2Fwp%2Fv2%2Fmedia&parent=36117"}],"wp:term":[{"taxonomy":"category","embeddable":true,"href":"https:\/\/iuzb.de\/index.php?rest_route=%2Fwp%2Fv2%2Fcategories&post=36117"},{"taxonomy":"post_tag","embeddable":true,"href":"https:\/\/iuzb.de\/index.php?rest_route=%2Fwp%2Fv2%2Ftags&post=36117"}],"curies":[{"name":"wp","href":"https:\/\/api.w.org\/{rel}","templated":true}]}}