{"id":36043,"date":"2021-11-12T17:14:42","date_gmt":"2021-11-12T16:14:42","guid":{"rendered":"http:\/\/iuzb.de\/?p=36043"},"modified":"2021-11-17T18:27:26","modified_gmt":"2021-11-17T17:27:26","slug":"mbz-kuenftig-mit-zwei-doppelausgaben","status":"publish","type":"post","link":"https:\/\/iuzb.de\/?p=36043","title":{"rendered":"MBZ k\u00fcnftig mit zwei Doppelausgaben pro Jahr"},"content":{"rendered":"<p><img loading=\"lazy\" decoding=\"async\" class=\"wp-image-36050 alignright\" src=\"https:\/\/iuzb.de\/wp-content\/uploads\/2021\/11\/EmBeZet.jpg\" alt=\"\" width=\"350\" height=\"161\" srcset=\"https:\/\/iuzb.de\/wp-content\/uploads\/2021\/11\/EmBeZet.jpg 447w, https:\/\/iuzb.de\/wp-content\/uploads\/2021\/11\/EmBeZet-260x120.jpg 260w\" sizes=\"auto, (max-width: 350px) 100vw, 350px\" \/><\/p>\n<p>&nbsp;<\/p>\n<p>Das MBZ wird es k\u00fcnftig mit zwei Doppelausgaben geben:<\/p>\n<ul>\n<li><strong>Januar\/Februar<\/strong><\/li>\n<li>und wie bisher <strong>Juli\/August<\/strong><\/li>\n<\/ul>\n<p>eines jeden Jahres.<\/p>\n<p>Herausgeber des MBZ <del>ist<\/del> war bisher die<\/p>\n<ul>\n<li><a href=\"https:\/\/www.zaek-berlin.de\/presse\/mitteilungsblatt-berliner-zahnaerzte-1.html\" target=\"_blank\" rel=\"noopener\">Zahn\u00e4rztekammer (Z\u00c4K) Berlin, K.d\u00f6.R.<\/a> und die<\/li>\n<li><a href=\"https:\/\/www.kzv-berlin.de\/praxis-service\/publikationen\/mbz\/\" target=\"_blank\" rel=\"noopener\">Kassenzahn\u00e4rztliche Vereinigung (KZV) Berlin, K.d.\u00f6.R.<\/a><\/li>\n<\/ul>\n<p>Anfangs trug das MBZ noch den Zusatz &#8222;<strong>Amtliches Organ<\/strong>&#8220; und war au\u00dferdem auch Organ des &#8222;Verbandes der Zahn\u00e4rzte von Berlin e.V.&#8220;. Aber das ist lange her.<\/p>\n<p>Alle Ausgaben sind unter anderem sogar auch in der &#8222;<a href=\"https:\/\/stabikat.de\/CHARSET=UTF-8\/DB=1\/LNG=DU\/CMD?ACT=SRCHA&amp;IKT=1016&amp;SRT=YOP&amp;TRM=MBZ%20Mitteilungsblatt\" target=\"_blank\" rel=\"noopener\"><span style=\"text-decoration: underline;\">Staatsbibliothek zu Berlin &#8211; Preu\u00dfischer Kulturbesitz<\/span><\/a>&#8220; archiviert.<\/p>\n","protected":false},"excerpt":{"rendered":"<p>&nbsp; Das MBZ wird es k\u00fcnftig mit zwei Doppelausgaben geben: Januar\/Februar und wie bisher Juli\/August eines jeden Jahres. Herausgeber des MBZ ist war bisher die Zahn\u00e4rztekammer (Z\u00c4K) Berlin, K.d\u00f6.R. und [&#8230;]<\/p>\n","protected":false},"author":13,"featured_media":0,"comment_status":"open","ping_status":"closed","sticky":false,"template":"","format":"standard","meta":{"ngg_post_thumbnail":0,"iawp_total_views":6,"footnotes":""},"categories":[207,123],"tags":[],"class_list":["post-36043","post","type-post","status-publish","format-standard","hentry","category-mbz","category-zahngeschichte"],"_links":{"self":[{"href":"https:\/\/iuzb.de\/index.php?rest_route=\/wp\/v2\/posts\/36043","targetHints":{"allow":["GET"]}}],"collection":[{"href":"https:\/\/iuzb.de\/index.php?rest_route=\/wp\/v2\/posts"}],"about":[{"href":"https:\/\/iuzb.de\/index.php?rest_route=\/wp\/v2\/types\/post"}],"author":[{"embeddable":true,"href":"https:\/\/iuzb.de\/index.php?rest_route=\/wp\/v2\/users\/13"}],"replies":[{"embeddable":true,"href":"https:\/\/iuzb.de\/index.php?rest_route=%2Fwp%2Fv2%2Fcomments&post=36043"}],"version-history":[{"count":20,"href":"https:\/\/iuzb.de\/index.php?rest_route=\/wp\/v2\/posts\/36043\/revisions"}],"predecessor-version":[{"id":36155,"href":"https:\/\/iuzb.de\/index.php?rest_route=\/wp\/v2\/posts\/36043\/revisions\/36155"}],"wp:attachment":[{"href":"https:\/\/iuzb.de\/index.php?rest_route=%2Fwp%2Fv2%2Fmedia&parent=36043"}],"wp:term":[{"taxonomy":"category","embeddable":true,"href":"https:\/\/iuzb.de\/index.php?rest_route=%2Fwp%2Fv2%2Fcategories&post=36043"},{"taxonomy":"post_tag","embeddable":true,"href":"https:\/\/iuzb.de\/index.php?rest_route=%2Fwp%2Fv2%2Ftags&post=36043"}],"curies":[{"name":"wp","href":"https:\/\/api.w.org\/{rel}","templated":true}]}}