{"id":35984,"date":"2021-11-08T16:22:41","date_gmt":"2021-11-08T15:22:41","guid":{"rendered":"http:\/\/iuzb.de\/?p=35984"},"modified":"2021-11-08T16:27:39","modified_gmt":"2021-11-08T15:27:39","slug":"vmf-landesverband-west-setzt-auf-kontinuitaet","status":"publish","type":"post","link":"https:\/\/iuzb.de\/?p=35984","title":{"rendered":"VmF: Landesverband West setzt auf Kontinuit\u00e4t"},"content":{"rendered":"<p style=\"text-align: justify;\"><span id=\"page22R_mcid1\" class=\"markedContent\"><span dir=\"ltr\" role=\"presentation\">Die Mitglieder des Landesverbandes West des Verbandes medizinischer <\/span><span dir=\"ltr\" role=\"presentation\">Fachberufe e.V. haben am Wochenende auf ihrer Landeshauptversammlung in L\u00fcnen <\/span><span dir=\"ltr\" role=\"presentation\">ein Zeichen der Kontinuit\u00e4t gesetzt: Nach intensiven Diskussionen wurden sechs der <\/span><span dir=\"ltr\" role=\"presentation\">sieben Vorstandsmitglieder wiedergew\u00e4hlt. <\/span><\/span><\/p>\n<p style=\"text-align: justify;\"><span id=\"page22R_mcid1\" class=\"markedContent\"><span dir=\"ltr\" role=\"presentation\">An der Spitze steht weiterhin Cindy Sch\u00fcren, <\/span><span dir=\"ltr\" role=\"presentation\">Medizinische Fachangestellte (MFA) aus Herdecke. Neue stellvertretende Vorsitzende <\/span><span dir=\"ltr\" role=\"presentation\">ist Nadine P\u00fctz, Zahnmedizinische Fachangestellte (ZFA) aus Oberhausen. Das Team <\/span><span dir=\"ltr\" role=\"presentation\">komplettieren Elke Eilart, Zahnmedizinische Verwaltungsassistentin (ZMV) aus Bielefeld, <\/span><span dir=\"ltr\" role=\"presentation\">Monika Rueb, MFA aus Bergheim, Serin Alma, MFA aus J\u00fcchen, Anja Limbach-<\/span><span dir=\"ltr\" role=\"presentation\">Woschnizak, Zahnmedizinische Fachangestellte (ZFA) aus Essen, und Anamaria <\/span><span dir=\"ltr\" role=\"presentation\">Muschinski, Zahnmedizinische Fachassistentin (ZMF) aus Sinzig. <\/span><\/span><span id=\"page22R_mcid2\" class=\"markedContent\"><span dir=\"ltr\" role=\"presentation\">Neben zeitintensiven <strong>Wahlen<\/strong> standen die <strong>Digitalisierung<\/strong> im Gesundheitswesen und eine\u00a0 <\/span><span dir=\"ltr\" role=\"presentation\"><strong>berufsspezifische Corona-Impfpflich<\/strong>t auf der Agenda und wurden kontrovers diskutiert. <\/span><br role=\"presentation\" \/><\/span><\/p>\n<p style=\"text-align: justify;\"><span id=\"page22R_mcid2\" class=\"markedContent\"><span dir=\"ltr\" role=\"presentation\">Zudem zeigten sich die Teilnehmer*innen \u00fcber die unzureichende \u00f6ffentliche <strong>Wertsch\u00e4t<\/strong><\/span><span dir=\"ltr\" role=\"presentation\"><strong>zung<\/strong> der Leistungen der MFA ver\u00e4rgert. Der Verband medizinischer Fachberufe e.V. <\/span><span dir=\"ltr\" role=\"presentation\">hatte die aktuelle Situation der Besch\u00e4ftigten in den niedergelassenen Praxen erst am <\/span><span dir=\"ltr\" role=\"presentation\">Freitag in einem <a href=\"https:\/\/www.vmf-online.de\/verband\/presse-corona\/2021-11-05-brandbrief\" target=\"_blank\" rel=\"noopener\">Brandbrief an den Vorsitzenden der Gesundheitsministerkonferenz<\/a>, <\/span><span dir=\"ltr\" role=\"presentation\">Klaus Holetschek, deutlich gemacht. \u201eWir m\u00fcssen lauter werden\u201c, erkl\u00e4rt Cindy Sch\u00fcren\u00a0 <\/span><span dir=\"ltr\" role=\"presentation\">und erg\u00e4nzt: \u201eDies gilt auch f\u00fcr die <strong>fehlenden Tarifvertr\u00e4ge<\/strong> f\u00fcr Zahnmedizinische Fach<\/span><span dir=\"ltr\" role=\"presentation\">angestellte im Kammerbereich Nordrhein und Rheinland-Pfalz!\u201c <\/span><\/span><\/p>\n<p style=\"text-align: justify;\"><span id=\"page22R_mcid3\" class=\"markedContent\"><span dir=\"ltr\" role=\"presentation\">Ein weiteres Thema war die <strong>Ausbildung<\/strong> in den vom Verband vertretenen Berufen Medi<\/span><span dir=\"ltr\" role=\"presentation\">zinische*r, Tiermedizinische*r und Zahnmedizinische*r Fachangestellte*r sowie Zahn<\/span><span dir=\"ltr\" role=\"presentation\">techniker*in. Hier gilt es, die Qualit\u00e4t zu verbessern, um mehr junge Menschen von den <\/span><span dir=\"ltr\" role=\"presentation\">Berufen zu begeistern und so dem aktuellen Fachkr\u00e4fteengpass entgegenzuwirken. Der <\/span><span dir=\"ltr\" role=\"presentation\">Verband medizinischer Fachberufe e.V. hat daf\u00fcr bereits Ma\u00dfnahmen entwickelt und <\/span><span dir=\"ltr\" role=\"presentation\">umgesetzt. Dazu z\u00e4hlen komprimierte und \u00fcbersichtliche Informationen f\u00fcr ausbildende <\/span><span dir=\"ltr\" role=\"presentation\">Fachkr\u00e4fte, Lernzusammenfassungen, Kurzvideos, Recherchetipps und Tipps zur Pr\u00fc<\/span><span dir=\"ltr\" role=\"presentation\">fungsvorbereitung. <\/span><\/span><span id=\"page22R_mcid4\" class=\"markedContent\"><span dir=\"ltr\" role=\"presentation\">\u201eEs gibt also viel zu tun f\u00fcr den neuen Vorstand\u201c, fasst die wiedergew\u00e4hlte Vorsitzende <\/span><span dir=\"ltr\" role=\"presentation\">zusammen und dankt f\u00fcr das Vertrauen: \u201eWir wollen unsere Basis st\u00e4rken, neue Aktive <\/span><span dir=\"ltr\" role=\"presentation\">gewinnen, Veranstaltungen und Aktionen planen sowie Mentoren f\u00fcr Auszubildende fin<\/span><span dir=\"ltr\" role=\"presentation\">den. Daf\u00fcr brauchen wir Kraft. Dass alle Teilnehmer*innen bei unserer LHV durchgehal<\/span><span dir=\"ltr\" role=\"presentation\">ten haben, zeigt, dass diese Kraft vorhanden ist. Jetzt m\u00fcssen wir sie gemeinsam f\u00fcr <\/span><span dir=\"ltr\" role=\"presentation\">unsere Ziele nutzen.\u201c <\/span><\/span><\/p>\n<p style=\"text-align: justify;\"><span id=\"page22R_mcid5\" class=\"markedContent\"><span dir=\"ltr\" role=\"presentation\"><span style=\"text-decoration: underline;\"><strong>Hintergrund:<\/strong><\/span> Der Verband medizinischer Fachberufe e.V. ist die Interessenvertretung und unabh\u00e4ngi<\/span><span dir=\"ltr\" role=\"presentation\">ge Gewerkschaft f\u00fcr MFA, TFA, ZFA und angestellte Zahntechniker*innen. Er untergliedert sich in vier <\/span><span dir=\"ltr\" role=\"presentation\">Landesverb\u00e4nde. Im Landesverband West sind die Mitglieder aus Nordrhein-Westfalen, Rheinland-<\/span><span dir=\"ltr\" role=\"presentation\">Pfalz und dem Saarland vertreten. <\/span><\/span><\/p>\n<p>Quelle: Verband medizinischer Fachberufe e.V., <a href=\"https:\/\/www.vmf-online.de\/verband\/presse-news\/2021-11-08-lhv-west\" target=\"_blank\" rel=\"noopener\">Pressemitteilung vom 08.11.2021<\/a><\/p>\n","protected":false},"excerpt":{"rendered":"<p>Die Mitglieder des Landesverbandes West des Verbandes medizinischer Fachberufe e.V. haben am Wochenende auf ihrer Landeshauptversammlung in L\u00fcnen ein Zeichen der Kontinuit\u00e4t gesetzt: Nach intensiven Diskussionen wurden sechs der sieben [&#8230;]<\/p>\n","protected":false},"author":13,"featured_media":0,"comment_status":"open","ping_status":"closed","sticky":false,"template":"","format":"standard","meta":{"ngg_post_thumbnail":0,"iawp_total_views":3,"footnotes":""},"categories":[268,107],"tags":[],"class_list":["post-35984","post","type-post","status-publish","format-standard","hentry","category-vmf","category-zfa"],"_links":{"self":[{"href":"https:\/\/iuzb.de\/index.php?rest_route=\/wp\/v2\/posts\/35984","targetHints":{"allow":["GET"]}}],"collection":[{"href":"https:\/\/iuzb.de\/index.php?rest_route=\/wp\/v2\/posts"}],"about":[{"href":"https:\/\/iuzb.de\/index.php?rest_route=\/wp\/v2\/types\/post"}],"author":[{"embeddable":true,"href":"https:\/\/iuzb.de\/index.php?rest_route=\/wp\/v2\/users\/13"}],"replies":[{"embeddable":true,"href":"https:\/\/iuzb.de\/index.php?rest_route=%2Fwp%2Fv2%2Fcomments&post=35984"}],"version-history":[{"count":3,"href":"https:\/\/iuzb.de\/index.php?rest_route=\/wp\/v2\/posts\/35984\/revisions"}],"predecessor-version":[{"id":35987,"href":"https:\/\/iuzb.de\/index.php?rest_route=\/wp\/v2\/posts\/35984\/revisions\/35987"}],"wp:attachment":[{"href":"https:\/\/iuzb.de\/index.php?rest_route=%2Fwp%2Fv2%2Fmedia&parent=35984"}],"wp:term":[{"taxonomy":"category","embeddable":true,"href":"https:\/\/iuzb.de\/index.php?rest_route=%2Fwp%2Fv2%2Fcategories&post=35984"},{"taxonomy":"post_tag","embeddable":true,"href":"https:\/\/iuzb.de\/index.php?rest_route=%2Fwp%2Fv2%2Ftags&post=35984"}],"curies":[{"name":"wp","href":"https:\/\/api.w.org\/{rel}","templated":true}]}}