{"id":35945,"date":"2021-11-03T07:14:19","date_gmt":"2021-11-03T06:14:19","guid":{"rendered":"http:\/\/iuzb.de\/?p=35945"},"modified":"2021-12-13T16:25:32","modified_gmt":"2021-12-13T15:25:32","slug":"06-12-2021-einladung-zur-vertreterversammlung-der-kzv-berlin","status":"publish","type":"post","link":"https:\/\/iuzb.de\/?p=35945","title":{"rendered":"06.12.2021: Einladung zur Vertreterversammlung der KZV Berlin &#8211; Update LiveTicker.-.-.-.LiveTicker.-.-.-.LiveTicker.-.-.-"},"content":{"rendered":"<p><a href=\"https:\/\/www.kzv-berlin.de\/kzv-berlin\/organe-und-struktur\/vertreterversammlung\/\" target=\"_blank\" rel=\"noopener\"><img loading=\"lazy\" decoding=\"async\" class=\"alignnone size-full wp-image-35946\" src=\"https:\/\/iuzb.de\/wp-content\/uploads\/2021\/11\/06.12.2021-Einladung-Vertreterversammlung-der-KZV-Berlin.jpg\" alt=\"\" width=\"858\" height=\"346\" srcset=\"https:\/\/iuzb.de\/wp-content\/uploads\/2021\/11\/06.12.2021-Einladung-Vertreterversammlung-der-KZV-Berlin.jpg 858w, https:\/\/iuzb.de\/wp-content\/uploads\/2021\/11\/06.12.2021-Einladung-Vertreterversammlung-der-KZV-Berlin-450x181.jpg 450w, https:\/\/iuzb.de\/wp-content\/uploads\/2021\/11\/06.12.2021-Einladung-Vertreterversammlung-der-KZV-Berlin-298x120.jpg 298w, https:\/\/iuzb.de\/wp-content\/uploads\/2021\/11\/06.12.2021-Einladung-Vertreterversammlung-der-KZV-Berlin-768x310.jpg 768w\" sizes=\"auto, (max-width: 858px) 100vw, 858px\" \/><\/a><\/p>\n<p><a href=\"https:\/\/www.kzv-berlin.de\/kzv-berlin\/organe-und-struktur\/vertreterversammlung\/\" target=\"_blank\" rel=\"noopener\">Vertreterversammlung<\/a><\/p>\n<p><a href=\"https:\/\/www.kzv-berlin.de\/fileadmin\/user_upload\/Aktuelles\/2021-11-15-betriebliches_schutz_und_hygienekonzept.pdf\" target=\"_blank\" rel=\"noopener\">Hygienekonzept<\/a><\/p>\n<p><a href=\"https:\/\/www.kzv-berlin.de\/fileadmin\/user_upload\/KZV_Berlin\/1_Vertreterversammlung\/Tagesordnung_2021_12_06.pdf\" target=\"_blank\" rel=\"noopener\">Tagesordnung<\/a>:<\/p>\n<p><a href=\"https:\/\/www.kzv-berlin.de\/fileadmin\/user_upload\/KZV_Berlin\/1_Vertreterversammlung\/Tagesordnung_2021_12_06.pdf\"><img loading=\"lazy\" decoding=\"async\" class=\"size-full wp-image-36343 alignnone\" src=\"https:\/\/iuzb.de\/wp-content\/uploads\/2021\/11\/2021-12-06-KZVBerlin-VV-TOP.jpg\" alt=\"\" width=\"790\" height=\"1058\" srcset=\"https:\/\/iuzb.de\/wp-content\/uploads\/2021\/11\/2021-12-06-KZVBerlin-VV-TOP.jpg 790w, https:\/\/iuzb.de\/wp-content\/uploads\/2021\/11\/2021-12-06-KZVBerlin-VV-TOP-224x300.jpg 224w, https:\/\/iuzb.de\/wp-content\/uploads\/2021\/11\/2021-12-06-KZVBerlin-VV-TOP-90x120.jpg 90w, https:\/\/iuzb.de\/wp-content\/uploads\/2021\/11\/2021-12-06-KZVBerlin-VV-TOP-768x1029.jpg 768w\" sizes=\"auto, (max-width: 790px) 100vw, 790px\" \/><\/a><\/p>\n<p>&nbsp;<\/p>\n<p><span style=\"text-decoration: underline;\"><strong>Update<\/strong><\/span><\/p>\n<p><span style=\"font-size: 14pt; color: #ff0000;\"><strong>Live Ticker von Gerhard Gneist:<\/strong><\/span><\/p>\n<table style=\"border-collapse: collapse; width: 100%;\">\n<tbody>\n<tr>\n<td style=\"width: 15.4285%; text-align: left; vertical-align: top;\">19:53 Uhr<\/td>\n<td style=\"width: 84.5715%; text-align: left; vertical-align: top;\">\n<div dir=\"ltr\" data-setdir=\"false\">Kassenzahn\u00e4rztliche Bundesvereinigung erh\u00f6ht die Beitr\u00e4ge von 22,10\u20ac auf 24,70\u20ac pro Zahnarzt.<\/div>\n<div dir=\"ltr\" data-setdir=\"false\">Das ist eine Erh\u00f6hung von 11,76%.<\/div>\n<\/td>\n<\/tr>\n<tr>\n<td style=\"width: 15.4285%; text-align: left; vertical-align: top;\">20:32 Uhr<\/td>\n<td style=\"width: 84.5715%; text-align: left; vertical-align: top;\">\n<div dir=\"ltr\" data-setdir=\"false\">ZE Punktwert um 2,29% erh\u00f6ht auf einen ZE Punktwert von 1,0043\u20ac.<\/div>\n<\/td>\n<\/tr>\n<\/tbody>\n<\/table>\n<div class=\"moz-text-html\" lang=\"x-unicode\">\n<div class=\"ydpc09a706yahoo-style-wrap\">\n<div class=\"ydpc09a706signature\"><\/div>\n<\/div>\n<\/div>\n","protected":false},"excerpt":{"rendered":"<p>Vertreterversammlung Hygienekonzept Tagesordnung: &nbsp; Update Live Ticker von Gerhard Gneist: 19:53 Uhr Kassenzahn\u00e4rztliche Bundesvereinigung erh\u00f6ht die Beitr\u00e4ge von 22,10\u20ac auf 24,70\u20ac pro Zahnarzt. Das ist eine Erh\u00f6hung von 11,76%. 20:32 [&#8230;]<\/p>\n","protected":false},"author":13,"featured_media":33267,"comment_status":"open","ping_status":"closed","sticky":false,"template":"","format":"standard","meta":{"ngg_post_thumbnail":0,"iawp_total_views":0,"footnotes":""},"categories":[45,97],"tags":[],"class_list":["post-35945","post","type-post","status-publish","format-standard","has-post-thumbnail","hentry","category-kzv-berlin","category-vertreterversammlung-kzv-berlin"],"_links":{"self":[{"href":"https:\/\/iuzb.de\/index.php?rest_route=\/wp\/v2\/posts\/35945","targetHints":{"allow":["GET"]}}],"collection":[{"href":"https:\/\/iuzb.de\/index.php?rest_route=\/wp\/v2\/posts"}],"about":[{"href":"https:\/\/iuzb.de\/index.php?rest_route=\/wp\/v2\/types\/post"}],"author":[{"embeddable":true,"href":"https:\/\/iuzb.de\/index.php?rest_route=\/wp\/v2\/users\/13"}],"replies":[{"embeddable":true,"href":"https:\/\/iuzb.de\/index.php?rest_route=%2Fwp%2Fv2%2Fcomments&post=35945"}],"version-history":[{"count":14,"href":"https:\/\/iuzb.de\/index.php?rest_route=\/wp\/v2\/posts\/35945\/revisions"}],"predecessor-version":[{"id":36529,"href":"https:\/\/iuzb.de\/index.php?rest_route=\/wp\/v2\/posts\/35945\/revisions\/36529"}],"wp:featuredmedia":[{"embeddable":true,"href":"https:\/\/iuzb.de\/index.php?rest_route=\/wp\/v2\/media\/33267"}],"wp:attachment":[{"href":"https:\/\/iuzb.de\/index.php?rest_route=%2Fwp%2Fv2%2Fmedia&parent=35945"}],"wp:term":[{"taxonomy":"category","embeddable":true,"href":"https:\/\/iuzb.de\/index.php?rest_route=%2Fwp%2Fv2%2Fcategories&post=35945"},{"taxonomy":"post_tag","embeddable":true,"href":"https:\/\/iuzb.de\/index.php?rest_route=%2Fwp%2Fv2%2Ftags&post=35945"}],"curies":[{"name":"wp","href":"https:\/\/api.w.org\/{rel}","templated":true}]}}