{"id":35870,"date":"2021-11-01T13:48:24","date_gmt":"2021-11-01T12:48:24","guid":{"rendered":"http:\/\/iuzb.de\/?p=35870"},"modified":"2021-11-24T17:26:36","modified_gmt":"2021-11-24T16:26:36","slug":"bzaek-beschluesse-der-bundesversammlung","status":"publish","type":"post","link":"https:\/\/iuzb.de\/?p=35870","title":{"rendered":"BZ\u00c4K: Beschl\u00fcsse der Bundesversammlung"},"content":{"rendered":"<div class=\"comment-content\">\n<p style=\"text-align: justify;\"><a href=\"https:\/\/www.bzaek.de\/presse\/presseinformationen\/presseinformation\/bundesversammlung-der-bundeszahnaerztekammer-1.html\" target=\"_blank\" rel=\"noopener\">Heutige Pressemitteilung der BZ\u00c4K<\/a>:<\/p>\n<div class=\"teaser-text\" style=\"text-align: justify;\">\n<h3 style=\"text-align: left;\"><span style=\"font-size: 14pt;\">Die <a href=\"https:\/\/iuzb.de\/?p=35659\" target=\"_blank\" rel=\"noopener\">Bundesversammlung<\/a> der Bundeszahn\u00e4rztekammer (BZ\u00c4K) fand am 29. und 30. Oktober 2021 hybrid statt &#8211; in Pr\u00e4senz f\u00fcr die Delegierten, f\u00fcr G\u00e4ste und Presse via Livestream.<\/span><\/h3>\n<\/div>\n<div class=\"news-text-wrap\" style=\"text-align: justify;\">\n<p class=\"CxSpMiddle\">Dr. Thomas Gebhart, Parlamentarischer Staatssekret\u00e4r beim Bundesminister f\u00fcr Gesundheit, er\u00f6ffnet die Versammlung mit einem Gru\u00dfwort. Die Zahn\u00e4rzteschaft habe es geschafft, w\u00e4hrend der Pandemie &#8211; mit ihren besonderen Schwierigkeiten, gerade f\u00fcr die Zahnmedizin \u2013 f\u00fcr die sichere Versorgung aller Patienten zu sorgen.<\/p>\n<p class=\"CxSpMiddle\">In ihren politischen Berichten forderten BZ\u00c4K-Pr\u00e4sident Prof. Dr. Christoph Benz sowie die beiden Vizepr\u00e4sidenten Konstantin von Laffert und Dr. Romy Ermler offene Gespr\u00e4che, neue Impulse und z\u00fcgige und pragmatische L\u00f6sungsans\u00e4tze zwischen Politik und Beteiligten f\u00fcr die verschiedenen aktuellen und verschleppten Probleme in der Zahnmedizin.<\/p>\n<p>Eine Resolution \u201eDas deutsche Gesundheitssystem nach der Bundestagswahl\u201c wurde von den Delegierten verabschiedetet. Die Bundesversammlung forderte die zuk\u00fcnftige Bundesregierung auf, u.a. die freie Arzt- und Therapiewahl zu st\u00e4rken, Fremdkapital in der Zahnmedizin zu regulieren, Praxen von unn\u00f6tiger B\u00fcrokratie zu entlasten und eine j\u00e4hrlich im Punktwert anzupassende private Geb\u00fchrenordnung.<\/p>\n<p class=\"CxSpMiddle\">Es wurden Beschl\u00fcsse gef\u00e4llt, z.B. zur: Vermeidung von unberechtigten Antr\u00e4gen auf Approbation im Verfahren der Berufsanerkennung, zum B\u00fcrokratieabbau und zur St\u00e4rkung des dualen Krankenversicherungssystems. In der Karlsruher Erkl\u00e4rung forderten die Delegierten eine Anpassung der Geb\u00fchrenordnung f\u00fcr Zahn\u00e4rzte (GOZ).<\/p>\n<ul>\n<li class=\"CxSpMiddle\"><a class=\"link-arrow\" href=\"http:\/\/www.bzaek.de\/service\/veranstaltungen\/deutscher-zahnaerztetag.html\" target=\"_blank\" rel=\"noopener\">www.bzaek.de\/deutscher-zahnaerztetag.html<\/a><\/li>\n<li>Fotos unter: \u00a0<a class=\"external-link\" href=\"http:\/\/toko.photo\/2021bvpresse\" target=\"_blank\" rel=\"noopener\">http:\/\/toko.photo\/2021bvpresse<\/a><\/li>\n<\/ul>\n<\/div>\n<p style=\"text-align: justify;\">_____________<\/p>\n<p style=\"text-align: justify;\">Die BZ\u00c4K hat auf der Seite f\u00fcr den <a href=\"https:\/\/www.bzaek.de\/service\/veranstaltungen\/deutscher-zahnaerztetag.html\" target=\"_blank\" rel=\"noopener nofollow ugc\">Deutschen Zahn\u00e4rztetag<\/a> auch die gefassten <a href=\"https:\/\/www.bzaek.de\/fileadmin\/PDFs\/dzt21\/bv21_beschluesse.pdf\" target=\"_blank\" rel=\"noopener nofollow ugc\"><strong>Beschl\u00fcsse<\/strong> (pdf vom 01.11.2021)<\/a> ver\u00f6ffentlicht, allerdings leider <strong>ohne die Abstimmungsergebnisse<\/strong>.<\/p>\n<p style=\"text-align: justify;\">Gefasst wurden folgende Beschl\u00fcsse:<\/p>\n<\/div>\n<table style=\"border-collapse: collapse; width: 100%;\">\n<tbody>\n<tr>\n<td style=\"width: 10.9047%; text-align: left; vertical-align: top;\"><a href=\"https:\/\/www.bzaek.de\/fileadmin\/PDFs\/dzt21\/bv21_beschluesse.pdf\" target=\"_blank\" rel=\"noopener nofollow ugc\">4.1\u00a0\u00a0<\/a><\/td>\n<td style=\"width: 4.19047%; text-align: left; vertical-align: top;\">:<\/td>\n<td style=\"width: 84.9047%; text-align: left; vertical-align: top;\">Verleihung der Ehrenpr\u00e4sidentschaft an Dr. Peter Engel<\/td>\n<\/tr>\n<tr>\n<td style=\"width: 10.9047%; text-align: left; vertical-align: top;\"><a href=\"https:\/\/www.bzaek.de\/fileadmin\/PDFs\/dzt21\/bv21_beschluesse.pdf\" target=\"_blank\" rel=\"noopener nofollow ugc\">7.1-2<\/a><\/td>\n<td style=\"width: 4.19047%; text-align: left; vertical-align: top;\">:<\/td>\n<td style=\"width: 84.9047%; text-align: left; vertical-align: top;\">Zukunft der dualen Krankenversicherung: Krisenfest und wachstumsorientiert<\/td>\n<\/tr>\n<tr>\n<td style=\"width: 10.9047%; text-align: left; vertical-align: top;\"><a href=\"https:\/\/www.bzaek.de\/fileadmin\/PDFs\/dzt21\/bv21_beschluesse.pdf\" target=\"_blank\" rel=\"noopener nofollow ugc\">7.1-4<\/a><\/td>\n<td style=\"width: 4.19047%; text-align: left; vertical-align: top;\">:<\/td>\n<td style=\"width: 84.9047%; text-align: left; vertical-align: top;\">Resolution (neu): Das deutsche Gesundheitssystem nach der Bundestagswahl<\/td>\n<\/tr>\n<tr>\n<td style=\"width: 10.9047%; text-align: left; vertical-align: top;\"><a href=\"https:\/\/www.bzaek.de\/fileadmin\/PDFs\/dzt21\/bv21_beschluesse.pdf\" target=\"_blank\" rel=\"noopener nofollow ugc\">7.2-1<\/a><\/td>\n<td style=\"width: 4.19047%; text-align: left; vertical-align: top;\">:<\/td>\n<td style=\"width: 84.9047%; text-align: left; vertical-align: top;\">Schaffung von Strukturen zur Vermeidung von unberechtigten Antr\u00e4gen auf Approbation im Verfahren der Berufsanerkennung<\/td>\n<\/tr>\n<tr>\n<td style=\"width: 10.9047%; text-align: left; vertical-align: top;\"><a href=\"https:\/\/www.bzaek.de\/fileadmin\/PDFs\/dzt21\/bv21_beschluesse.pdf\" target=\"_blank\" rel=\"noopener nofollow ugc\">7.3-4<\/a><\/td>\n<td style=\"width: 4.19047%; text-align: left; vertical-align: top;\">:<\/td>\n<td style=\"width: 84.9047%; text-align: left; vertical-align: top;\">Karlsruher Erkl\u00e4rung<\/td>\n<\/tr>\n<tr>\n<td style=\"width: 10.9047%; text-align: left; vertical-align: top;\"><a href=\"https:\/\/www.bzaek.de\/fileadmin\/PDFs\/dzt21\/bv21_beschluesse.pdf\" target=\"_blank\" rel=\"noopener nofollow ugc\">7.4-1<\/a><\/td>\n<td style=\"width: 4.19047%; text-align: left; vertical-align: top;\">:<\/td>\n<td style=\"width: 84.9047%; text-align: left; vertical-align: top;\">B\u00fcrokratieabbau endlich umsetzen<\/td>\n<\/tr>\n<\/tbody>\n<\/table>\n<div class=\"comment-content\">\n<p style=\"text-align: justify;\">Die Beschl\u00fcsse zu den <a href=\"https:\/\/iuzb.de\/wp-content\/uploads\/2021\/10\/2021-10-06-Antraege-BV-Korrektur.pdf\" target=\"_blank\" rel=\"noopener\"><strong>Antr\u00e4gen<\/strong><\/a> (Stand 06.10.2021):<\/p>\n<table style=\"border-collapse: collapse; width: 100%;\">\n<tbody>\n<tr>\n<td style=\"width: 10.9047%; text-align: left; vertical-align: top;\"><a href=\"https:\/\/iuzb.de\/wp-content\/uploads\/2021\/10\/2021-10-06-Antraege-BV-Korrektur.pdf\" target=\"_blank\" rel=\"noopener\">6.2-1<\/a><\/td>\n<td style=\"width: 4.1905%; text-align: left; vertical-align: top;\">:<\/td>\n<td style=\"width: 84.9048%; text-align: left; vertical-align: top;\">Haushaltsplan 2022<\/td>\n<\/tr>\n<tr>\n<td style=\"width: 10.9047%; text-align: left; vertical-align: top;\"><a href=\"https:\/\/iuzb.de\/wp-content\/uploads\/2021\/10\/2021-10-06-Antraege-BV-Korrektur.pdf\" target=\"_blank\" rel=\"noopener\">6.2-2<\/a><\/td>\n<td style=\"width: 4.1905%; text-align: left; vertical-align: top;\">:<\/td>\n<td style=\"width: 84.9048%; text-align: left; vertical-align: top;\">Feststellung der Mitgliedsbeitr\u00e4ge<\/td>\n<\/tr>\n<tr>\n<td style=\"width: 10.9047%; text-align: left; vertical-align: top;\"><a href=\"https:\/\/iuzb.de\/wp-content\/uploads\/2021\/10\/2021-10-06-Antraege-BV-Korrektur.pdf\" target=\"_blank\" rel=\"noopener\">6.2-3<\/a><\/td>\n<td style=\"width: 4.1905%; text-align: left; vertical-align: top;\">:<\/td>\n<td style=\"width: 84.9048%; text-align: left; vertical-align: top;\">Aktionshaushalt 2022<\/td>\n<\/tr>\n<\/tbody>\n<\/table>\n<p style=\"text-align: justify;\"><strong>fehlen<\/strong> auf der Seite zum <a href=\"https:\/\/www.bzaek.de\/service\/veranstaltungen\/deutscher-zahnaerztetag.html\" target=\"_blank\" rel=\"noopener nofollow ugc\">Deutschen Zahn\u00e4rztetag<\/a> aber noch, bzw. scheinen nur den Delegierten im &#8222;<a href=\"https:\/\/bv2021.bzaek.de\/\" target=\"_blank\" rel=\"noopener nofollow ugc\">Gesch\u00fctzen Delegiertenbereich<\/a>&#8220; vorbehalten zu sein(<strong>?<\/strong>).<\/p>\n<\/div>\n","protected":false},"excerpt":{"rendered":"<p>Heutige Pressemitteilung der BZ\u00c4K: Die Bundesversammlung der Bundeszahn\u00e4rztekammer (BZ\u00c4K) fand am 29. und 30. Oktober 2021 hybrid statt &#8211; in Pr\u00e4senz f\u00fcr die Delegierten, f\u00fcr G\u00e4ste und Presse via Livestream. [&#8230;]<\/p>\n","protected":false},"author":13,"featured_media":32956,"comment_status":"open","ping_status":"closed","sticky":false,"template":"","format":"standard","meta":{"ngg_post_thumbnail":0,"iawp_total_views":2,"footnotes":""},"categories":[305,121],"tags":[],"class_list":["post-35870","post","type-post","status-publish","format-standard","has-post-thumbnail","hentry","category-bundesversammlung","category-bzaek"],"_links":{"self":[{"href":"https:\/\/iuzb.de\/index.php?rest_route=\/wp\/v2\/posts\/35870","targetHints":{"allow":["GET"]}}],"collection":[{"href":"https:\/\/iuzb.de\/index.php?rest_route=\/wp\/v2\/posts"}],"about":[{"href":"https:\/\/iuzb.de\/index.php?rest_route=\/wp\/v2\/types\/post"}],"author":[{"embeddable":true,"href":"https:\/\/iuzb.de\/index.php?rest_route=\/wp\/v2\/users\/13"}],"replies":[{"embeddable":true,"href":"https:\/\/iuzb.de\/index.php?rest_route=%2Fwp%2Fv2%2Fcomments&post=35870"}],"version-history":[{"count":9,"href":"https:\/\/iuzb.de\/index.php?rest_route=\/wp\/v2\/posts\/35870\/revisions"}],"predecessor-version":[{"id":35919,"href":"https:\/\/iuzb.de\/index.php?rest_route=\/wp\/v2\/posts\/35870\/revisions\/35919"}],"wp:featuredmedia":[{"embeddable":true,"href":"https:\/\/iuzb.de\/index.php?rest_route=\/wp\/v2\/media\/32956"}],"wp:attachment":[{"href":"https:\/\/iuzb.de\/index.php?rest_route=%2Fwp%2Fv2%2Fmedia&parent=35870"}],"wp:term":[{"taxonomy":"category","embeddable":true,"href":"https:\/\/iuzb.de\/index.php?rest_route=%2Fwp%2Fv2%2Fcategories&post=35870"},{"taxonomy":"post_tag","embeddable":true,"href":"https:\/\/iuzb.de\/index.php?rest_route=%2Fwp%2Fv2%2Ftags&post=35870"}],"curies":[{"name":"wp","href":"https:\/\/api.w.org\/{rel}","templated":true}]}}