{"id":35809,"date":"2021-11-12T22:31:01","date_gmt":"2021-11-12T21:31:01","guid":{"rendered":"http:\/\/iuzb.de\/?p=35809"},"modified":"2021-11-24T17:25:30","modified_gmt":"2021-11-24T16:25:30","slug":"13-11-2021-einladung-zur-2-vertreterversammlung-des-vzb","status":"publish","type":"post","link":"https:\/\/iuzb.de\/?p=35809","title":{"rendered":"13.11.2021: Einladung zur 2. Vertreterversammlung des VZB"},"content":{"rendered":"<p><span style=\"color: #ffffff;\">.<\/span><\/p>\n<ul>\n<li><strong>Samstag, 13. November 2021, 10:00 Uhr,<\/strong><\/li>\n<li>im Zahn\u00e4rztehaus (KZV Berlin), Sitzungssaal<\/li>\n<li><a href=\"https:\/\/www.google.com\/maps\/place\/Georg-Wilhelm-Stra%C3%9Fe+16,+10711+Berlin\/@52.4998197,13.2881118,17z\/data=!3m1!4b1!4m5!3m4!1s0x47a850c50d659dcd:0xd49ebdfe52729679!8m2!3d52.4998197!4d13.2903005\" target=\"_blank\" rel=\"noopener\">Georg-Wilhelm-Str. 16, 10711 Berlin<\/a><\/li>\n<\/ul>\n<p style=\"text-align: justify;\"><span style=\"text-decoration: underline;\"><strong>Tagesordnung:<\/strong><\/span><\/p>\n<ol style=\"text-align: justify;\">\n<li>Begr\u00fc\u00dfung und Regularien<\/li>\n<li>Antr\u00e4ge<\/li>\n<li>Bericht des Versorgungswerkes der Zahn\u00e4rztekammer Berlin \u00fcber das Kalenderjahr 2020 (Anlage 1)<\/li>\n<li>Bericht des Wirtschaftspr\u00fcfers des Versorgungswerkes der Zahn\u00e4rztekammer Berlin (Anlage 2)<\/li>\n<li>Bericht des mathematischen Sachverst\u00e4ndigen des Versorgungswerkes der Zahn\u00e4rztekammer<br \/>\nBerlin (Anlage 3)<\/li>\n<li>Diskussion zum TOP 3 bis 5<\/li>\n<li>Feststellung des Jahresabschlusses des Versorgungswerkes der Zahn\u00e4rztekammer Berlin f\u00fcr\u00a0 das Kalenderjahr 2020 (Anlage 4) \/ <strong>Beschluss <\/strong><\/li>\n<li>Verwendung der \u00dcbersch\u00fcsse (Anlage 5) \/ <strong>Beschluss <\/strong><\/li>\n<li>Entlastung des Aufsichts- und des Verwaltungsausschusses des Versorgungswerkes der Zahn\u00e4rztekammer Berlin f\u00fcr das Kalenderjahr 2020 \/ <strong>Beschluss<\/strong><\/li>\n<li>Ausblick auf die Jahre 2021 und 2022<\/li>\n<li>Verschiedenes<\/li>\n<\/ol>\n<p style=\"text-align: justify;\">Bitte beachten Sie, dass au\u00dferhalb des Sitzungssaales die Pflicht zum Tragen einer medizinischen\u00a0 Maske besteht.<\/p>\n<p style=\"text-align: justify;\">Ein Fr\u00fchst\u00fccksimbiss und Getr\u00e4nke werden zur Verf\u00fcgung gestellt.<\/p>\n<p style=\"text-align: justify;\">\u00c4nderungen im Ablauf und der Organisation behalten wir uns je nach Entwicklung der Corona-Pandemie und der damit im Zusammenhang stehenden beh\u00f6rdlichen Auflagen vor.<\/p>\n<p>&nbsp;<\/p>\n<p><strong>gez. Dr. Helmut Dohmeier-de Haan<\/strong><br \/>\nvorsitzendes Mitglied Stellvertreterin<br \/>\nder Vertreterversammlung<\/p>\n<p><strong>gez. Dr. Ute J\u00f6decke<\/strong><br \/>\nStellvertreterin<\/p>\n<p>&nbsp;<\/p>\n","protected":false},"excerpt":{"rendered":"<p>. Samstag, 13. November 2021, 10:00 Uhr, im Zahn\u00e4rztehaus (KZV Berlin), Sitzungssaal Georg-Wilhelm-Str. 16, 10711 Berlin Tagesordnung: Begr\u00fc\u00dfung und Regularien Antr\u00e4ge Bericht des Versorgungswerkes der Zahn\u00e4rztekammer Berlin \u00fcber das Kalenderjahr [&#8230;]<\/p>\n","protected":false},"author":13,"featured_media":33267,"comment_status":"open","ping_status":"closed","sticky":false,"template":"","format":"standard","meta":{"ngg_post_thumbnail":0,"iawp_total_views":3,"footnotes":""},"categories":[47,87],"tags":[],"class_list":["post-35809","post","type-post","status-publish","format-standard","has-post-thumbnail","hentry","category-versorgungswerk-vzb","category-vertreterversammlung"],"_links":{"self":[{"href":"https:\/\/iuzb.de\/index.php?rest_route=\/wp\/v2\/posts\/35809","targetHints":{"allow":["GET"]}}],"collection":[{"href":"https:\/\/iuzb.de\/index.php?rest_route=\/wp\/v2\/posts"}],"about":[{"href":"https:\/\/iuzb.de\/index.php?rest_route=\/wp\/v2\/types\/post"}],"author":[{"embeddable":true,"href":"https:\/\/iuzb.de\/index.php?rest_route=\/wp\/v2\/users\/13"}],"replies":[{"embeddable":true,"href":"https:\/\/iuzb.de\/index.php?rest_route=%2Fwp%2Fv2%2Fcomments&post=35809"}],"version-history":[{"count":4,"href":"https:\/\/iuzb.de\/index.php?rest_route=\/wp\/v2\/posts\/35809\/revisions"}],"predecessor-version":[{"id":35813,"href":"https:\/\/iuzb.de\/index.php?rest_route=\/wp\/v2\/posts\/35809\/revisions\/35813"}],"wp:featuredmedia":[{"embeddable":true,"href":"https:\/\/iuzb.de\/index.php?rest_route=\/wp\/v2\/media\/33267"}],"wp:attachment":[{"href":"https:\/\/iuzb.de\/index.php?rest_route=%2Fwp%2Fv2%2Fmedia&parent=35809"}],"wp:term":[{"taxonomy":"category","embeddable":true,"href":"https:\/\/iuzb.de\/index.php?rest_route=%2Fwp%2Fv2%2Fcategories&post=35809"},{"taxonomy":"post_tag","embeddable":true,"href":"https:\/\/iuzb.de\/index.php?rest_route=%2Fwp%2Fv2%2Ftags&post=35809"}],"curies":[{"name":"wp","href":"https:\/\/api.w.org\/{rel}","templated":true}]}}