{"id":35756,"date":"2021-10-14T08:06:42","date_gmt":"2021-10-14T06:06:42","guid":{"rendered":"http:\/\/iuzb.de\/?p=35756"},"modified":"2021-10-14T08:28:58","modified_gmt":"2021-10-14T06:28:58","slug":"bag-minijobber-tragen-risiko-fuer-den-arbeitsausfall-wegen-corona-betriebsschliessung-selbst","status":"publish","type":"post","link":"https:\/\/iuzb.de\/?p=35756","title":{"rendered":"BAG:  Minijobber tragen Risiko f\u00fcr den Arbeitsausfall wegen Corona-Betriebsschlie\u00dfung selbst"},"content":{"rendered":"<p style=\"text-align: justify;\"><span style=\"font-size: 12pt;\"><strong>Betriebsrisiko und Lockdown<\/strong><\/span><\/p>\n<p style=\"text-align: justify;\">Muss der Arbeitgeber seinen Betrieb aufgrund eines staatlich verf\u00fcgten allgemeinen \u201eLockdowns\u201c zur Bek\u00e4mpfung der Corona-Pandemie vor\u00fcbergehend schlie\u00dfen, tr\u00e4gt er nicht das Risiko des Arbeitsausfalls und ist nicht verpflichtet, den Besch\u00e4ftigten Verg\u00fctung unter dem Gesichtspunkt des Annahmeverzugs zu zahlen.<\/p>\n<p style=\"text-align: justify;\">Die Beklagte betreibt einen Handel mit N\u00e4hmaschinen und Zubeh\u00f6r und unterh\u00e4lt in Bremen eine Filiale. Dort ist die Kl\u00e4gerin seit Oktober 2019 als geringf\u00fcgig Besch\u00e4ftigte gegen eine monatliche Verg\u00fctung von 432,00 Euro im Verkauf t\u00e4tig. Im April 2020 war das Ladengesch\u00e4ft aufgrund der \u201eAllgemeinverf\u00fcgung \u00fcber das Verbot von Veranstaltungen, Zusammenk\u00fcnften und der \u00d6ffnung bestimmter Betriebe zur Eind\u00e4mmung des Coronavirus\u201c der Freien Hansestadt Bremen vom 23. M\u00e4rz 2020 geschlossen. Deshalb konnte die Kl\u00e4gerin nicht arbeiten und erhielt auch keine Verg\u00fctung. Mit ihrer Klage hat sie die Zahlung ihres Entgelts f\u00fcr den Monat April 2020 unter dem Gesichtspunkt des Annahmeverzugs begehrt. Sie hat gemeint, die Schlie\u00dfung des Betriebs aufgrund beh\u00f6rdlicher Anordnung sei ein Fall des von der Beklagten als Arbeitgeberin zu tragenden Betriebsrisikos. Dagegen hat die Beklagte Klageabweisung beantragt und geltend gemacht, die von der Freien Hansestadt Bremen zur Pandemiebek\u00e4mpfung angeordneten Ma\u00dfnahmen betr\u00e4fen das allgemeine Lebensrisiko, das nicht beherrschbar und von allen gleicherma\u00dfen zu tragen sei.<\/p>\n<p style=\"text-align: justify;\">Die Vorinstanzen haben der Klage stattgegeben. Die vom Landesarbeitsgericht zugelassene Revision der Beklagten hat Erfolg. Die Kl\u00e4gerin hat f\u00fcr den Monat April 2020, in dem ihre Arbeitsleistung und deren Annahme durch die Beklagte aufgrund der beh\u00f6rdlich angeordneten Betriebsschlie\u00dfung unm\u00f6glich war, keinen Anspruch auf Entgeltzahlung unter dem Gesichtspunkt des Annahmeverzugs. Der Arbeitgeber tr\u00e4gt auch nicht das Risiko des Arbeitsausfalls, wenn \u2013 wie hier \u2013 zum Schutz der Bev\u00f6lkerung vor schweren und t\u00f6dlichen Krankheitsverl\u00e4ufen infolge von SARS-CoV-2-Infektionen durch beh\u00f6rdliche Anordnung in einem Bundesland die sozialen Kontakte auf ein Minimum reduziert und nahezu fl\u00e4chendeckend alle nicht f\u00fcr die Versorgung der Bev\u00f6lkerung notwendigen Einrichtungen geschlossen werden. In einem solchen Fall realisiert sich nicht ein in einem bestimmten Betrieb angelegtes Betriebsrisiko. Die Unm\u00f6glichkeit der Arbeitsleistung ist vielmehr Folge eines hoheitlichen Eingriffs zur Bek\u00e4mpfung einer die Gesellschaft insgesamt treffenden Gefahrenlage.<\/p>\n<p style=\"text-align: justify;\"><span style=\"color: #ff0000;\">Es ist Sache des Staates, gegebenenfalls f\u00fcr einen ad\u00e4quaten Ausgleich der den Besch\u00e4ftigten durch den hoheitlichen Eingriff entstehenden finanziellen Nachteile \u2013 wie es zum Teil mit dem erleichterten Zugang zum Kurzarbeitergeld erfolgt ist \u2013 zu sorgen.<\/span><\/p>\n<p style=\"text-align: justify;\">Soweit ein solcher \u2013 wie bei der Kl\u00e4gerin als geringf\u00fcgig Besch\u00e4ftigter \u2013 nicht gew\u00e4hrleistet ist, beruht dies auf L\u00fccken in dem sozialversicherungsrechtlichen Regelungssystem. Aus dem Fehlen nachgelagerter Anspr\u00fcche l\u00e4sst sich jedoch keine arbeitsrechtliche Zahlungspflicht des Arbeitgebers herleiten.<\/p>\n<p>Quelle: Bundesarbeitsgericht, <a href=\"https:\/\/www.bundesarbeitsgericht.de\/presse\/betriebsrisiko-und-lockdown\/\" target=\"_blank\" rel=\"noopener\">Pressemitteilung<\/a> zum Urteil vom 13. Oktober 2021 \u2013 5 AZR 211\/21 \u2013<\/p>\n","protected":false},"excerpt":{"rendered":"<p>Betriebsrisiko und Lockdown Muss der Arbeitgeber seinen Betrieb aufgrund eines staatlich verf\u00fcgten allgemeinen \u201eLockdowns\u201c zur Bek\u00e4mpfung der Corona-Pandemie vor\u00fcbergehend schlie\u00dfen, tr\u00e4gt er nicht das Risiko des Arbeitsausfalls und ist nicht [&#8230;]<\/p>\n","protected":false},"author":13,"featured_media":0,"comment_status":"open","ping_status":"closed","sticky":false,"template":"","format":"standard","meta":{"ngg_post_thumbnail":0,"iawp_total_views":0,"footnotes":""},"categories":[163,265,68],"tags":[],"class_list":["post-35756","post","type-post","status-publish","format-standard","hentry","category-bag","category-corona","category-recht"],"_links":{"self":[{"href":"https:\/\/iuzb.de\/index.php?rest_route=\/wp\/v2\/posts\/35756","targetHints":{"allow":["GET"]}}],"collection":[{"href":"https:\/\/iuzb.de\/index.php?rest_route=\/wp\/v2\/posts"}],"about":[{"href":"https:\/\/iuzb.de\/index.php?rest_route=\/wp\/v2\/types\/post"}],"author":[{"embeddable":true,"href":"https:\/\/iuzb.de\/index.php?rest_route=\/wp\/v2\/users\/13"}],"replies":[{"embeddable":true,"href":"https:\/\/iuzb.de\/index.php?rest_route=%2Fwp%2Fv2%2Fcomments&post=35756"}],"version-history":[{"count":2,"href":"https:\/\/iuzb.de\/index.php?rest_route=\/wp\/v2\/posts\/35756\/revisions"}],"predecessor-version":[{"id":35758,"href":"https:\/\/iuzb.de\/index.php?rest_route=\/wp\/v2\/posts\/35756\/revisions\/35758"}],"wp:attachment":[{"href":"https:\/\/iuzb.de\/index.php?rest_route=%2Fwp%2Fv2%2Fmedia&parent=35756"}],"wp:term":[{"taxonomy":"category","embeddable":true,"href":"https:\/\/iuzb.de\/index.php?rest_route=%2Fwp%2Fv2%2Fcategories&post=35756"},{"taxonomy":"post_tag","embeddable":true,"href":"https:\/\/iuzb.de\/index.php?rest_route=%2Fwp%2Fv2%2Ftags&post=35756"}],"curies":[{"name":"wp","href":"https:\/\/api.w.org\/{rel}","templated":true}]}}