{"id":35708,"date":"2021-11-03T12:22:54","date_gmt":"2021-11-03T11:22:54","guid":{"rendered":"http:\/\/iuzb.de\/?p=35708"},"modified":"2021-11-24T17:26:14","modified_gmt":"2021-11-24T16:26:14","slug":"iuzb-antraege-zur-delegiertenversammlung-am-11-11-2021-philipp-pfaff-institut-und-berliner-zahnaerztetag","status":"publish","type":"post","link":"https:\/\/iuzb.de\/?p=35708","title":{"rendered":"IUZB Antr\u00e4ge zur Delegiertenversammlung am 11.11.2021: Philipp-Pfaff-Institut und Berliner Zahn\u00e4rztetag"},"content":{"rendered":"<p style=\"text-align: justify;\">Sehr geehrter Herr Pr\u00e4sident Dr. Heegewaldt,<br \/>\nsehr geehrte Frau Vizepr\u00e4sidentin Plaster,<br \/>\nsehr geehrter Vorstand,<\/p>\n<p style=\"text-align: justify;\">zur Delegiertenversammlung am 11. November 2021 stellen wir folgende Antr\u00e4ge:<\/p>\n<ol style=\"text-align: justify;\">\n<li>Die Delegiertenversammlung fordert den Vorstand der Zahn\u00e4rztekammer Berlin als Gesellschafter(vertreter) des &#8222;Philipp-Pfaff-Institut Fortbildungseinrichtung der Landeszahn\u00e4rztekammern Berlin und Brandenburg GmbH&#8220; auf, die R\u00f6ntgenkurse aus dem Philipp-Pfaff-Institut herauszul\u00f6sen.<br \/>\n<u>Begr\u00fcndung:<\/u> Wie vom Gesch\u00e4ftsf\u00fchrer des Philipp-Pfaff-Instituts bei der vergangenen Delegiertenversammlung vorgestellt, wurden mit den R\u00f6ntgenkursen f\u00fcr Mitarbeiter und Zahn\u00e4rzte in den Jahren 2017 bis 2019 Verluste in H\u00f6he von mehr als 700.000 \u20ac (rd. 273.000 \u20ac in 2017, rd. 190.000 \u20ac in 2018, rd. 245.000 \u20ac in 2019) erwirtschaftet, was zu einer erheblichen finanziellen Belastung des Philipp-Pfaff-Instituts und damit der Mitglieder der Berliner Zahn\u00e4rztekammer f\u00fchrte.<br \/>\n<span style=\"color: #ffffff;\">.<\/span><\/li>\n<li>In Anbetracht der j\u00e4hrlichen erheblichen Defizite des Berliner Zahn\u00e4rztetages &#8211; beispielhaft 2020 mehr als rd. x\u20ac*, fordert die Delegiertenversammlung den Vorstand auf, die Mittel f\u00fcr eine Beteiligung an der Kongressparty (2020 = x\u20ac*) und die VIP-Karten (2020 = x\u20ac*) zu streichen. F\u00fcr die Kongressparty sollten sich die Teilnahmewilligen separat anmelden und diese Party auch separat bezahlen.<br \/>\n<u>Begr\u00fcndung:<\/u> Der Berliner Zahn\u00e4rztetag sollte nicht zur regelm\u00e4\u00dfig wiederkehrenden erheblichen Belastung des Haushaltes der Berliner Kammer f\u00fchren. Andere Zahn\u00e4rztekammern in Deutschland erzielen bei der Ausrichtung ihrer Zahn\u00e4rztetage bei deutlich geringeren Geb\u00fchren f\u00fcr die teilnehmenden Kollegen mehr als eine \u201eschwarze Null\u201c.<br \/>\n<span style=\"color: #ffffff;\">.<\/span><\/li>\n<li>Die Delegiertenversammlung fordert den Kammervorstand auf, den bestehenden Vertrag mit der &#8222;Quintessenz Verlags-GmbH&#8220; bez\u00fcglich des Berliner Zahn\u00e4rztetages zu k\u00fcndigen.<br \/>\n<u>Begr\u00fcndung:<\/u> Die darin enthaltenen Konditionen f\u00fchren zu einer regelm\u00e4\u00dfigen erheblichen Belastung des j\u00e4hrlichen Berliner Kammerhaushaltes.<\/li>\n<\/ol>\n<p style=\"text-align: justify;\">Mit kollegialen Gr\u00fc\u00dfen<\/p>\n<p>Gerhard Gneist<br \/>\nDr. Helmut Dohmeier-de Haan<br \/>\nAlexander Klutke<br \/>\n&#8211; Delegierte &#8211;<\/p>\n<p>*Die Betr\u00e4ge sind im Antrag benannt.<\/p>\n","protected":false},"excerpt":{"rendered":"<p>Sehr geehrter Herr Pr\u00e4sident Dr. Heegewaldt, sehr geehrte Frau Vizepr\u00e4sidentin Plaster, sehr geehrter Vorstand, zur Delegiertenversammlung am 11. November 2021 stellen wir folgende Antr\u00e4ge: Die Delegiertenversammlung fordert den Vorstand der [&#8230;]<\/p>\n","protected":false},"author":13,"featured_media":32956,"comment_status":"open","ping_status":"closed","sticky":false,"template":"","format":"standard","meta":{"ngg_post_thumbnail":0,"iawp_total_views":7,"footnotes":""},"categories":[303,91,46,260],"tags":[],"class_list":["post-35708","post","type-post","status-publish","format-standard","has-post-thumbnail","hentry","category-berliner-zahnaerztetag","category-delegiertenversammlung","category-zahnaerztekammer-berlin","category-philipp-pfaff-institut-zahnaerztekammer-berlin"],"_links":{"self":[{"href":"https:\/\/iuzb.de\/index.php?rest_route=\/wp\/v2\/posts\/35708","targetHints":{"allow":["GET"]}}],"collection":[{"href":"https:\/\/iuzb.de\/index.php?rest_route=\/wp\/v2\/posts"}],"about":[{"href":"https:\/\/iuzb.de\/index.php?rest_route=\/wp\/v2\/types\/post"}],"author":[{"embeddable":true,"href":"https:\/\/iuzb.de\/index.php?rest_route=\/wp\/v2\/users\/13"}],"replies":[{"embeddable":true,"href":"https:\/\/iuzb.de\/index.php?rest_route=%2Fwp%2Fv2%2Fcomments&post=35708"}],"version-history":[{"count":15,"href":"https:\/\/iuzb.de\/index.php?rest_route=\/wp\/v2\/posts\/35708\/revisions"}],"predecessor-version":[{"id":35793,"href":"https:\/\/iuzb.de\/index.php?rest_route=\/wp\/v2\/posts\/35708\/revisions\/35793"}],"wp:featuredmedia":[{"embeddable":true,"href":"https:\/\/iuzb.de\/index.php?rest_route=\/wp\/v2\/media\/32956"}],"wp:attachment":[{"href":"https:\/\/iuzb.de\/index.php?rest_route=%2Fwp%2Fv2%2Fmedia&parent=35708"}],"wp:term":[{"taxonomy":"category","embeddable":true,"href":"https:\/\/iuzb.de\/index.php?rest_route=%2Fwp%2Fv2%2Fcategories&post=35708"},{"taxonomy":"post_tag","embeddable":true,"href":"https:\/\/iuzb.de\/index.php?rest_route=%2Fwp%2Fv2%2Ftags&post=35708"}],"curies":[{"name":"wp","href":"https:\/\/api.w.org\/{rel}","templated":true}]}}