{"id":35694,"date":"2021-10-07T23:32:19","date_gmt":"2021-10-07T21:32:19","guid":{"rendered":"http:\/\/iuzb.de\/?p=35694"},"modified":"2021-10-11T18:46:18","modified_gmt":"2021-10-11T16:46:18","slug":"die-preistraeger-des-philipp-pfaff-preis","status":"publish","type":"post","link":"https:\/\/iuzb.de\/?p=35694","title":{"rendered":"Die Preistr\u00e4ger des Philipp-Pfaff-Preis"},"content":{"rendered":"<p>Geehrt wurden heute die <strong>Berliner Schwerpunktpraxen<\/strong>, die w\u00e4hrend der Pandemie eine zahn\u00e4rztliche Behandlung der an Covid-19 erkrankter Patientinnen und Patienten erm\u00f6glicht haben.<\/p>\n<p>Der urspr\u00fcngliche Ehrungsvorschlag kam von einem Delegierten der IUZB.<\/p>\n<p>Dieses Foto wurde soeben von Gerhard Gneist \u00fcbermittelt:<\/p>\n<p><a href=\"https:\/\/iuzb.de\/wp-content\/uploads\/2021\/10\/2021-10-07-Die-Preistraeger-des-Philipp-Pfaff-Preis.jpg\"><img loading=\"lazy\" decoding=\"async\" class=\"alignleft wp-image-35695 size-full\" src=\"https:\/\/iuzb.de\/wp-content\/uploads\/2021\/10\/2021-10-07-Die-Preistraeger-des-Philipp-Pfaff-Preis.jpg\" alt=\"\" width=\"1615\" height=\"908\" srcset=\"https:\/\/iuzb.de\/wp-content\/uploads\/2021\/10\/2021-10-07-Die-Preistraeger-des-Philipp-Pfaff-Preis.jpg 1615w, https:\/\/iuzb.de\/wp-content\/uploads\/2021\/10\/2021-10-07-Die-Preistraeger-des-Philipp-Pfaff-Preis-450x253.jpg 450w, https:\/\/iuzb.de\/wp-content\/uploads\/2021\/10\/2021-10-07-Die-Preistraeger-des-Philipp-Pfaff-Preis-213x120.jpg 213w, https:\/\/iuzb.de\/wp-content\/uploads\/2021\/10\/2021-10-07-Die-Preistraeger-des-Philipp-Pfaff-Preis-768x432.jpg 768w, https:\/\/iuzb.de\/wp-content\/uploads\/2021\/10\/2021-10-07-Die-Preistraeger-des-Philipp-Pfaff-Preis-1536x864.jpg 1536w\" sizes=\"auto, (max-width: 1615px) 100vw, 1615px\" \/><\/a><\/p>\n<p>&nbsp;<\/p>\n<p>Vorhergehend:<\/p>\n<ul>\n<li><a href=\"https:\/\/iuzb.de\/?p=35424\" target=\"_blank\" rel=\"noopener\">Einladung zur Verleihung des Philipp-Pfaff-Preis<\/a><\/li>\n<\/ul>\n","protected":false},"excerpt":{"rendered":"<p>Geehrt wurden heute die Berliner Schwerpunktpraxen, die w\u00e4hrend der Pandemie eine zahn\u00e4rztliche Behandlung der an Covid-19 erkrankter Patientinnen und Patienten erm\u00f6glicht haben. Der urspr\u00fcngliche Ehrungsvorschlag kam von einem Delegierten der [&#8230;]<\/p>\n","protected":false},"author":13,"featured_media":0,"comment_status":"open","ping_status":"closed","sticky":false,"template":"","format":"standard","meta":{"ngg_post_thumbnail":0,"iawp_total_views":0,"footnotes":""},"categories":[265,264,46],"tags":[],"class_list":["post-35694","post","type-post","status-publish","format-standard","hentry","category-corona","category-philipp-pfaff-preis","category-zahnaerztekammer-berlin"],"_links":{"self":[{"href":"https:\/\/iuzb.de\/index.php?rest_route=\/wp\/v2\/posts\/35694","targetHints":{"allow":["GET"]}}],"collection":[{"href":"https:\/\/iuzb.de\/index.php?rest_route=\/wp\/v2\/posts"}],"about":[{"href":"https:\/\/iuzb.de\/index.php?rest_route=\/wp\/v2\/types\/post"}],"author":[{"embeddable":true,"href":"https:\/\/iuzb.de\/index.php?rest_route=\/wp\/v2\/users\/13"}],"replies":[{"embeddable":true,"href":"https:\/\/iuzb.de\/index.php?rest_route=%2Fwp%2Fv2%2Fcomments&post=35694"}],"version-history":[{"count":11,"href":"https:\/\/iuzb.de\/index.php?rest_route=\/wp\/v2\/posts\/35694\/revisions"}],"predecessor-version":[{"id":35706,"href":"https:\/\/iuzb.de\/index.php?rest_route=\/wp\/v2\/posts\/35694\/revisions\/35706"}],"wp:attachment":[{"href":"https:\/\/iuzb.de\/index.php?rest_route=%2Fwp%2Fv2%2Fmedia&parent=35694"}],"wp:term":[{"taxonomy":"category","embeddable":true,"href":"https:\/\/iuzb.de\/index.php?rest_route=%2Fwp%2Fv2%2Fcategories&post=35694"},{"taxonomy":"post_tag","embeddable":true,"href":"https:\/\/iuzb.de\/index.php?rest_route=%2Fwp%2Fv2%2Ftags&post=35694"}],"curies":[{"name":"wp","href":"https:\/\/api.w.org\/{rel}","templated":true}]}}