{"id":35676,"date":"2021-10-06T21:57:41","date_gmt":"2021-10-06T19:57:41","guid":{"rendered":"http:\/\/iuzb.de\/?p=35676"},"modified":"2021-10-06T22:34:25","modified_gmt":"2021-10-06T20:34:25","slug":"facebook-es-ist-das-selbe-wie-mit-zigaretten","status":"publish","type":"post","link":"https:\/\/iuzb.de\/?p=35676","title":{"rendered":"facebook: &#8222;Es ist das selbe wie mit Zigaretten&#8230;&#8230;&#8230;&#8220;"},"content":{"rendered":"<p>Heise, 06.10.2021:<\/p>\n<ul>\n<li><a href=\"https:\/\/www.heise.de\/news\/Frances-Haugen-Facebook-nicht-kompatibel-mit-Demokratie-6209737.html\" target=\"_blank\" rel=\"noopener\">Frances Haugen: Facebook &#8222;nicht kompatibel mit Demokratie&#8220;<\/a><\/li>\n<\/ul>\n<blockquote>\n<p style=\"text-align: justify;\">&#8222;Die problematische Nutzung erreicht ihren H\u00f6hepunkt im Alter von 14 Jahren&#8220;, berichtete die Insiderin.\u00a0 In dem jungen Alter w\u00fcrden Kinder angefixt, um Facebooks Nutzerwachstum auf Dauer zu sichern. &#8222;Es ist das selbe wie mit Zigaretten. Teenager haben keine gute Selbstbeherrschung. Sie sagen ausdr\u00fccklich &#8218;Ich f\u00fchle mich schlecht, wenn ich Instagram nutze, aber kann nicht aufh\u00f6ren, weil ich sonst sozial ge\u00e4chtet werde.&#8216; Wir m\u00fcssen die Kinder sch\u00fctzen&#8220;, forderte Haugen.<\/p>\n<\/blockquote>\n<p>__________________________<\/p>\n<p style=\"text-align: justify;\">Ich finde, dass der Vergleich mit der Tabakindustrie \u00fcberzeugt. Von daher ist facebook &amp; Co. es nicht nur gesellschaftspolitisches und rechtliches, sondern eben auch ein medizinisches Thema.<\/p>\n<p style=\"text-align: justify;\">Die Forderung des <a href=\"https:\/\/www.bfdi.bund.de\/SharedDocs\/Downloads\/DE\/DokumenteBfDI\/Rundschreiben\/Allgemein\/2021\/Facebook-Auftritte-Bund.html\" target=\"_blank\" rel=\"noopener\">Bundesbeauftragten f\u00fcr den Datenschutz und die Informationsfreiheit<\/a> vom <a href=\"https:\/\/www.bfdi.bund.de\/SharedDocs\/Downloads\/DE\/DokumenteBfDI\/Rundschreiben\/Allgemein\/2021\/Facebook-Auftritte-Bund.pdf?__blob=publicationFile&amp;v=2\" target=\"_blank\" rel=\"noopener\">16.06.2021<\/a> an alle alle Bundesministerien und obersten Bundesbeh\u00f6rden steht \u00fcbrigens weiterhin in Raum:<\/p>\n<blockquote>\n<p style=\"text-align: justify;\">Sofern Sie eine Fanpage betreiben, empfehle ich Ihnen daher nachdr\u00fccklich, diese bis Ende diesen Jahres abzuschalten. Ab Januar 2022 beabsichtige ich \u2013 im Interesse der betroffenen B\u00fcrgerinnen und B\u00fcrger \u2013 schrittweise von den mir nach <a href=\"https:\/\/dsgvo-gesetz.de\/art-58-dsgvo\/\" target=\"_blank\" rel=\"noopener\">Art. 58 DSGVO<\/a> zur Verf\u00fcgung stehenden Abhilfema\u00dfnahmen Gebrauch zu machen.<\/p>\n<\/blockquote>\n<p>Hier auch noch der <a href=\"https:\/\/www.datenschutzkonferenz-online.de\/media\/dskb\/20180905_dskb_facebook_fanpages.pdf\" target=\"_blank\" rel=\"noopener\">Beschluss der Deutschen Datenschutzkonferenz zu Facebook Fanpages vom 05.09.2018<\/a> mit einem Fragenkatalog:<\/p>\n<blockquote><p><strong>Insbesondere<\/strong> <strong>die im Anhang aufgef\u00fchrten Fragen m\u00fcssen<\/strong> deshalb sowohl von Facebook als auch und <strong>von Fanpage-Betreiberinnen und Betreibern beantwortet werden k\u00f6nnen&#8230;&#8230;<\/strong><\/p><\/blockquote>\n<p>Mal schau&#8217;n, wie das auf Bundes- und Landesebene weitergeht.<\/p>\n<p>U. G.<\/p>\n","protected":false},"excerpt":{"rendered":"<p>Heise, 06.10.2021: Frances Haugen: Facebook &#8222;nicht kompatibel mit Demokratie&#8220; &#8222;Die problematische Nutzung erreicht ihren H\u00f6hepunkt im Alter von 14 Jahren&#8220;, berichtete die Insiderin.\u00a0 In dem jungen Alter w\u00fcrden Kinder angefixt, [&#8230;]<\/p>\n","protected":false},"author":13,"featured_media":0,"comment_status":"open","ping_status":"closed","sticky":false,"template":"","format":"standard","meta":{"ngg_post_thumbnail":0,"iawp_total_views":2,"footnotes":""},"categories":[108],"tags":[],"class_list":["post-35676","post","type-post","status-publish","format-standard","hentry","category-datenschutz-und-informationsfreiheit"],"_links":{"self":[{"href":"https:\/\/iuzb.de\/index.php?rest_route=\/wp\/v2\/posts\/35676","targetHints":{"allow":["GET"]}}],"collection":[{"href":"https:\/\/iuzb.de\/index.php?rest_route=\/wp\/v2\/posts"}],"about":[{"href":"https:\/\/iuzb.de\/index.php?rest_route=\/wp\/v2\/types\/post"}],"author":[{"embeddable":true,"href":"https:\/\/iuzb.de\/index.php?rest_route=\/wp\/v2\/users\/13"}],"replies":[{"embeddable":true,"href":"https:\/\/iuzb.de\/index.php?rest_route=%2Fwp%2Fv2%2Fcomments&post=35676"}],"version-history":[{"count":10,"href":"https:\/\/iuzb.de\/index.php?rest_route=\/wp\/v2\/posts\/35676\/revisions"}],"predecessor-version":[{"id":35686,"href":"https:\/\/iuzb.de\/index.php?rest_route=\/wp\/v2\/posts\/35676\/revisions\/35686"}],"wp:attachment":[{"href":"https:\/\/iuzb.de\/index.php?rest_route=%2Fwp%2Fv2%2Fmedia&parent=35676"}],"wp:term":[{"taxonomy":"category","embeddable":true,"href":"https:\/\/iuzb.de\/index.php?rest_route=%2Fwp%2Fv2%2Fcategories&post=35676"},{"taxonomy":"post_tag","embeddable":true,"href":"https:\/\/iuzb.de\/index.php?rest_route=%2Fwp%2Fv2%2Ftags&post=35676"}],"curies":[{"name":"wp","href":"https:\/\/api.w.org\/{rel}","templated":true}]}}