{"id":35659,"date":"2021-10-21T15:23:24","date_gmt":"2021-10-21T13:23:24","guid":{"rendered":"http:\/\/iuzb.de\/?p=35659"},"modified":"2021-11-03T15:43:24","modified_gmt":"2021-11-03T14:43:24","slug":"29-10-2021-bundesversammlung-der-bundeszahnaerztekammer","status":"publish","type":"post","link":"https:\/\/iuzb.de\/?p=35659","title":{"rendered":"29.10.2021: Einladung Bundesversammlung der Bundeszahn\u00e4rztekammer &#8211; BZ\u00c4K bietet G\u00c4STE-LIVE-STREAM"},"content":{"rendered":"<blockquote><p><span style=\"text-decoration: underline;\">26.10.2021:<\/span><br \/>\nVon Bundeszahn\u00e4rztekammer<\/p>\n<p><span style=\"font-size: 12pt;\"><strong>An<\/strong><\/span><br \/>\n<span style=\"font-size: 12pt;\"><strong>Damen und Herren G\u00e4ste der Bundesversammlung der BZ\u00c4K<\/strong><\/span><br \/>\nnachrichtlich: x<\/p>\n<p>Sehr geehrte Damen und Herren,<\/p>\n<p><strong>wir freuen uns, dass Sie sich live zu unserer Bundesversammlung hinzuschalten m\u00f6chten und \u00fcbersenden Ihnen nachfolgend die Einwahldaten zum Livestream:<\/strong><\/p>\n<p style=\"padding-left: 40px;\"><strong><span style=\"color: #ff0000;\">Link: <a href=\"https:\/\/bv2021.bzaek.de\" target=\"_blank\" rel=\"noopener\">https:\/\/bv2021.bzaek.de<\/a><\/span><\/strong><br \/>\n<strong><span style=\"color: #ff0000;\">Benutzername: gast<\/span><\/strong><br \/>\n<strong><span style=\"color: #ff0000;\">Passwort: Berlin2021<\/span><\/strong><\/p>\n<p><strong>Das Portal wird ca. 1 h vor Beginn der Bundesversammlung ge\u00f6ffnet.<\/strong><\/p>\n<p>Mit freundlichen Gr\u00fc\u00dfen<\/p>\n<p>Name \/ Assistentin der Hauptgesch\u00e4ftsf\u00fchrung<br \/>\nBundeszahn\u00e4rztekammer<br \/>\nArbeitsgemeinschaft der Deutschen Zahn\u00e4rztekammern e.V. (BZ\u00c4K)<\/p><\/blockquote>\n<p>&nbsp;<\/p>\n<p><span style=\"text-decoration: underline;\"><strong>Termin: 29. und 30. Oktober 2021 in Karlsruhe<\/strong><\/span><\/p>\n<p><em>Tagesordnung und Antr\u00e4ge zur <a href=\"https:\/\/www.bzaek.de\/ueber-uns\/organisationsstruktur\/bundesversammlung.html\" target=\"_blank\" rel=\"noopener\">Bundesversammlung<\/a> hier soweit vorliegend, bitte beobachten Sie f\u00fcr etwaige Aktualisierungen die <a href=\"https:\/\/www.bzaek.de\/\" target=\"_blank\" rel=\"noopener\">Webseite<\/a> der Bundeszahn\u00e4rztekammer!<\/em><\/p>\n<ul>\n<li><a href=\"https:\/\/iuzb.de\/wp-content\/uploads\/2021\/10\/2021-10-08-1.5-Tagesordnung-Bundesversammlung-BZAEK-2021.pdf\" target=\"_blank\" rel=\"noopener\"><strong>Tagesordnung <\/strong><\/a>(Stand 08.10.2021)<\/li>\n<\/ul>\n<p>Antr\u00e4ge, \u00fcbermittelt von der Bundeszahn\u00e4rztekammer \u00fcber die Zahn\u00e4rztekammer Berlin:<\/p>\n<ul>\n<li><a href=\"https:\/\/iuzb.de\/wp-content\/uploads\/2021\/10\/2021-10-06-Antraege-BV-Korrektur.pdf\" target=\"_blank\" rel=\"noopener\"><strong>Antr\u00e4ge<\/strong><\/a> (Stand 06.10.2021)<\/li>\n<li>Verleihung der Ehrenpr\u00e4sidentschaft an Dr. Peter Engel<\/li>\n<li>Haushaltsplan 2022<\/li>\n<li>Feststellung der Mitgliedsbeitr\u00e4ge<\/li>\n<li>Aktionshaushalt 2022<\/li>\n<li>Resolution: Das deutsche Gesundheitssystem nach der Bundestagswahl<\/li>\n<li>Zukunft der dualen Krankenversicherung: Krisenfest und wachstumsorientiert (B\u00fcrgerversicherung)<\/li>\n<li>Schaffung von Strukturen zur Vermeidung von unberechtigten Antr\u00e4gen auf Approbation im Verfahren der Berufsanerkennung<\/li>\n<\/ul>\n<p><span style=\"text-decoration: underline;\">Weiterf\u00fchrend:<\/span><\/p>\n<ul>\n<li><a href=\"https:\/\/www.bzaek.de\/service\/veranstaltungen\/deutscher-zahnaerztetag.html\" target=\"_blank\" rel=\"noopener\"><span style=\"font-size: 14pt;\"><span style=\"font-size: 18pt;\">Deutscher Zahn\u00e4rztetag 2021<\/span><\/span><\/a><\/li>\n<\/ul>\n<p>&nbsp;<\/p>\n","protected":false},"excerpt":{"rendered":"<p>26.10.2021: Von Bundeszahn\u00e4rztekammer An Damen und Herren G\u00e4ste der Bundesversammlung der BZ\u00c4K nachrichtlich: x Sehr geehrte Damen und Herren, wir freuen uns, dass Sie sich live zu unserer Bundesversammlung hinzuschalten [&#8230;]<\/p>\n","protected":false},"author":13,"featured_media":33267,"comment_status":"open","ping_status":"closed","sticky":false,"template":"","format":"standard","meta":{"ngg_post_thumbnail":0,"iawp_total_views":15,"footnotes":""},"categories":[305,121,46],"tags":[],"class_list":["post-35659","post","type-post","status-publish","format-standard","has-post-thumbnail","hentry","category-bundesversammlung","category-bzaek","category-zahnaerztekammer-berlin"],"_links":{"self":[{"href":"https:\/\/iuzb.de\/index.php?rest_route=\/wp\/v2\/posts\/35659","targetHints":{"allow":["GET"]}}],"collection":[{"href":"https:\/\/iuzb.de\/index.php?rest_route=\/wp\/v2\/posts"}],"about":[{"href":"https:\/\/iuzb.de\/index.php?rest_route=\/wp\/v2\/types\/post"}],"author":[{"embeddable":true,"href":"https:\/\/iuzb.de\/index.php?rest_route=\/wp\/v2\/users\/13"}],"replies":[{"embeddable":true,"href":"https:\/\/iuzb.de\/index.php?rest_route=%2Fwp%2Fv2%2Fcomments&post=35659"}],"version-history":[{"count":24,"href":"https:\/\/iuzb.de\/index.php?rest_route=\/wp\/v2\/posts\/35659\/revisions"}],"predecessor-version":[{"id":35838,"href":"https:\/\/iuzb.de\/index.php?rest_route=\/wp\/v2\/posts\/35659\/revisions\/35838"}],"wp:featuredmedia":[{"embeddable":true,"href":"https:\/\/iuzb.de\/index.php?rest_route=\/wp\/v2\/media\/33267"}],"wp:attachment":[{"href":"https:\/\/iuzb.de\/index.php?rest_route=%2Fwp%2Fv2%2Fmedia&parent=35659"}],"wp:term":[{"taxonomy":"category","embeddable":true,"href":"https:\/\/iuzb.de\/index.php?rest_route=%2Fwp%2Fv2%2Fcategories&post=35659"},{"taxonomy":"post_tag","embeddable":true,"href":"https:\/\/iuzb.de\/index.php?rest_route=%2Fwp%2Fv2%2Ftags&post=35659"}],"curies":[{"name":"wp","href":"https:\/\/api.w.org\/{rel}","templated":true}]}}