{"id":35629,"date":"2021-11-03T12:23:13","date_gmt":"2021-11-03T11:23:13","guid":{"rendered":"http:\/\/iuzb.de\/?p=35629"},"modified":"2022-01-16T09:33:18","modified_gmt":"2022-01-16T08:33:18","slug":"11-11-2021-einladung-zur-delegiertenversammlung-der-zahnaerztekammer-berlin","status":"publish","type":"post","link":"https:\/\/iuzb.de\/?p=35629","title":{"rendered":"11.11.2021: Einladung zur Delegiertenversammlung der Zahn\u00e4rztekammer Berlin"},"content":{"rendered":"<p><img loading=\"lazy\" decoding=\"async\" class=\"size-full wp-image-35638 alignnone\" src=\"https:\/\/iuzb.de\/wp-content\/uploads\/2021\/10\/2021-10-04-Einladung-ZAeK-Berlin-DV-am-11.11.2021.jpg\" alt=\"\" width=\"763\" height=\"335\" srcset=\"https:\/\/iuzb.de\/wp-content\/uploads\/2021\/10\/2021-10-04-Einladung-ZAeK-Berlin-DV-am-11.11.2021.jpg 763w, https:\/\/iuzb.de\/wp-content\/uploads\/2021\/10\/2021-10-04-Einladung-ZAeK-Berlin-DV-am-11.11.2021-450x198.jpg 450w, https:\/\/iuzb.de\/wp-content\/uploads\/2021\/10\/2021-10-04-Einladung-ZAeK-Berlin-DV-am-11.11.2021-273x120.jpg 273w\" sizes=\"auto, (max-width: 763px) 100vw, 763px\" \/><\/p>\n<p><a href=\"https:\/\/iuzb.de\/wp-content\/uploads\/2021\/11\/Tagesordnung-DV-11.11.2021.pdf\" target=\"_blank\" rel=\"noopener\">Tagesordnung<\/a>:<\/p>\n<table style=\"border-collapse: collapse; width: 100%; height: 482px;\">\n<tbody>\n<tr style=\"height: 24px;\">\n<td style=\"width: 5.76187%; text-align: left; vertical-align: top; height: 24px;\">1.<\/td>\n<td style=\"width: 74.6189%; text-align: left; vertical-align: top; height: 24px;\">Begr\u00fc\u00dfung, Ehrung Verstorbener<\/td>\n<td style=\"width: 19.6191%; text-align: left; vertical-align: top; height: 24px;\"><\/td>\n<\/tr>\n<tr style=\"height: 24px;\">\n<td style=\"width: 5.76187%; text-align: left; vertical-align: top; height: 24px;\">2.<\/td>\n<td style=\"width: 74.6189%; text-align: left; vertical-align: top; height: 24px;\">Protokollgenehmigung, Einspr\u00fcche<\/td>\n<td style=\"width: 19.6191%; text-align: left; vertical-align: top; height: 24px;\"><\/td>\n<\/tr>\n<tr style=\"height: 24px;\">\n<td style=\"width: 5.76187%; text-align: left; vertical-align: top; height: 24px;\">3.<\/td>\n<td style=\"width: 74.6189%; text-align: left; vertical-align: top; height: 24px;\">Bericht des Vorstandes<\/td>\n<td style=\"width: 19.6191%; text-align: left; vertical-align: top; height: 24px;\"><\/td>\n<\/tr>\n<tr style=\"height: 97px;\">\n<td style=\"width: 5.76187%; text-align: left; vertical-align: top; height: 97px;\">4.<\/td>\n<td style=\"width: 74.6189%; text-align: left; vertical-align: top; height: 97px;\">\n<ul>\n<li>Gesch\u00e4ftsbericht (a) und Jahresabschluss (b) der Zahn\u00e4rztekammer Berlin f\u00fcr das Jahr 2020 \/<\/li>\n<li>Bericht des Haushalts-, Rechnungspr\u00fcfungs- und Zahlstellenpr\u00fcfungsausschusses<\/li>\n<\/ul>\n<\/td>\n<td style=\"width: 19.6191%; text-align: left; vertical-align: top; height: 97px;\">Anlage a)<\/td>\n<\/tr>\n<tr style=\"height: 72px;\">\n<td style=\"width: 5.76187%; text-align: left; vertical-align: top; height: 72px;\">5.<\/td>\n<td style=\"width: 74.6189%; text-align: left; vertical-align: top; height: 72px;\">Feststellung des Jahresabschlusses 2020 und Entlastung des im Jahr 2020 amtierenden Vorstandes \/ <strong>Beschluss<\/strong><\/td>\n<td style=\"width: 19.6191%; text-align: left; vertical-align: top; height: 72px;\"><\/td>\n<\/tr>\n<tr style=\"height: 97px;\">\n<td style=\"width: 5.76187%; text-align: left; vertical-align: top; height: 97px;\">6.<\/td>\n<td style=\"width: 74.6189%; text-align: left; vertical-align: top; height: 97px;\">\n<ul>\n<li>Wirtschaftsplan 2022 (d) (\u00a7 10 Abs. 2 Nr. 4 Hauptsatzung) \/ <strong>Beschluss<\/strong><\/li>\n<li>Bericht des Haushalts-, Rechnungspr\u00fcfungs- und Zahlstellenpr\u00fcfungsausschusses<\/li>\n<\/ul>\n<\/td>\n<td style=\"width: 19.6191%; text-align: left; vertical-align: top; height: 97px;\"><\/td>\n<\/tr>\n<tr style=\"height: 24px;\">\n<td style=\"width: 5.76187%; text-align: left; vertical-align: top; height: 24px;\">7.<\/td>\n<td style=\"width: 74.6189%; text-align: left; vertical-align: top; height: 24px;\">Wahl eines\/einer Besitzers, Beisitzerin<\/td>\n<td style=\"width: 19.6191%; text-align: left; vertical-align: top; height: 24px;\"><\/td>\n<\/tr>\n<tr style=\"height: 24px;\">\n<td style=\"width: 5.76187%; text-align: left; vertical-align: top; height: 24px;\">8.<\/td>\n<td style=\"width: 74.6189%; text-align: left; vertical-align: top; height: 24px;\">Wahl der Gutachter KFO\/OCH<\/td>\n<td style=\"width: 19.6191%; text-align: left; vertical-align: top; height: 24px;\">Anlage b)<\/td>\n<\/tr>\n<tr style=\"height: 24px;\">\n<td style=\"width: 5.76187%; text-align: left; vertical-align: top; height: 24px;\">9.<\/td>\n<td style=\"width: 74.6189%; text-align: left; vertical-align: top; height: 24px;\">Fragestunde<\/td>\n<td style=\"width: 19.6191%; text-align: left; vertical-align: top; height: 24px;\"><\/td>\n<\/tr>\n<tr style=\"height: 24px;\">\n<td style=\"width: 5.76187%; text-align: left; vertical-align: top; height: 24px;\">10.<\/td>\n<td style=\"width: 74.6189%; text-align: left; vertical-align: top; height: 24px;\">Antr\u00e4ge<\/p>\n<ul>\n<li><a href=\"https:\/\/iuzb.de\/?p=35708\" target=\"_blank\" rel=\"noopener\">Antrag 10 a) IUZB: PFAFF R\u00f6ntgenkurse<\/a><\/li>\n<li><a href=\"https:\/\/iuzb.de\/?p=35708\" target=\"_blank\" rel=\"noopener\">Antrag 10 b) IUZB: Zahn\u00e4rztetag &#8211; Kongressparty<\/a><\/li>\n<li><a href=\"https:\/\/iuzb.de\/?p=35708\" target=\"_blank\" rel=\"noopener\">Antrag 10 c) IUZB: Zahn\u00e4rztetag &#8211; Quintessenz<\/a><\/li>\n<li>Antrag 10 d) Mileti\u0107 (VdZ\u00c4\u2013Dentista): 3-G-Regelung<\/li>\n<\/ul>\n<\/td>\n<td style=\"width: 19.6191%; text-align: left; vertical-align: top; height: 24px;\">Anlagen 10 a) b) c)<br \/>\nAnlage 10 d)<\/td>\n<\/tr>\n<tr style=\"height: 48px;\">\n<td style=\"width: 5.76187%; text-align: left; vertical-align: top; height: 48px;\">11.<\/td>\n<td style=\"width: 74.6189%; text-align: left; vertical-align: top; height: 48px;\">Verschiedenes<br \/>\n<em>Termine Delegiertenversammlung 2022<\/em><\/td>\n<td style=\"width: 19.6191%; text-align: left; vertical-align: top; height: 48px;\">Anlage c)<\/td>\n<\/tr>\n<\/tbody>\n<\/table>\n<p style=\"text-align: justify;\"><span style=\"color: #ff0000;\">Aufgrund der vorgeschriebenen besonderen Zugangskontrollen und Hygienema\u00dfnahmen bitten wir Sie, sich m\u00f6glichst fr\u00fchzeitig vor Beginn der DV am Tagungsort einzufinden. Wir bitten Sie zudem, von einer Teilnahme an der DV bei Vorhandensein von Erk\u00e4ltungssymptomen abzusehen. <del>Das geltende Hygienekonzept sieht unter anderem das Messen Ihrer K\u00f6rpertemperatur auf Abstand vor.<\/del> Die Veranstaltung wird unter Anwednung der sogenannten 3-G-Regelung durchgef\u00fchrt. Wir bitten Sie, entsprechende Nachweise mitzubringen. F\u00fcr einen Imbiss ist gesorgt.<\/span><\/p>\n","protected":false},"excerpt":{"rendered":"<p>Tagesordnung: 1. Begr\u00fc\u00dfung, Ehrung Verstorbener 2. Protokollgenehmigung, Einspr\u00fcche 3. Bericht des Vorstandes 4. Gesch\u00e4ftsbericht (a) und Jahresabschluss (b) der Zahn\u00e4rztekammer Berlin f\u00fcr das Jahr 2020 \/ Bericht des Haushalts-, Rechnungspr\u00fcfungs- [&#8230;]<\/p>\n","protected":false},"author":13,"featured_media":33267,"comment_status":"open","ping_status":"closed","sticky":false,"template":"","format":"standard","meta":{"ngg_post_thumbnail":0,"iawp_total_views":2,"footnotes":""},"categories":[303,91,233,46],"tags":[],"class_list":["post-35629","post","type-post","status-publish","format-standard","has-post-thumbnail","hentry","category-berliner-zahnaerztetag","category-delegiertenversammlung","category-vorstand-zaek","category-zahnaerztekammer-berlin"],"_links":{"self":[{"href":"https:\/\/iuzb.de\/index.php?rest_route=\/wp\/v2\/posts\/35629","targetHints":{"allow":["GET"]}}],"collection":[{"href":"https:\/\/iuzb.de\/index.php?rest_route=\/wp\/v2\/posts"}],"about":[{"href":"https:\/\/iuzb.de\/index.php?rest_route=\/wp\/v2\/types\/post"}],"author":[{"embeddable":true,"href":"https:\/\/iuzb.de\/index.php?rest_route=\/wp\/v2\/users\/13"}],"replies":[{"embeddable":true,"href":"https:\/\/iuzb.de\/index.php?rest_route=%2Fwp%2Fv2%2Fcomments&post=35629"}],"version-history":[{"count":24,"href":"https:\/\/iuzb.de\/index.php?rest_route=\/wp\/v2\/posts\/35629\/revisions"}],"predecessor-version":[{"id":36015,"href":"https:\/\/iuzb.de\/index.php?rest_route=\/wp\/v2\/posts\/35629\/revisions\/36015"}],"wp:featuredmedia":[{"embeddable":true,"href":"https:\/\/iuzb.de\/index.php?rest_route=\/wp\/v2\/media\/33267"}],"wp:attachment":[{"href":"https:\/\/iuzb.de\/index.php?rest_route=%2Fwp%2Fv2%2Fmedia&parent=35629"}],"wp:term":[{"taxonomy":"category","embeddable":true,"href":"https:\/\/iuzb.de\/index.php?rest_route=%2Fwp%2Fv2%2Fcategories&post=35629"},{"taxonomy":"post_tag","embeddable":true,"href":"https:\/\/iuzb.de\/index.php?rest_route=%2Fwp%2Fv2%2Ftags&post=35629"}],"curies":[{"name":"wp","href":"https:\/\/api.w.org\/{rel}","templated":true}]}}