{"id":35525,"date":"2021-09-23T19:07:23","date_gmt":"2021-09-23T17:07:23","guid":{"rendered":"http:\/\/iuzb.de\/?p=35525"},"modified":"2021-09-23T19:10:38","modified_gmt":"2021-09-23T17:10:38","slug":"bis-16-12-2021-eu-befragt-buerger-zu-grenzwerten-fuer-luftqualitaet","status":"publish","type":"post","link":"https:\/\/iuzb.de\/?p=35525","title":{"rendered":"Bis 16.12.2021: EU befragt B\u00fcrger zu Grenzwerten f\u00fcr Luftqualit\u00e4t"},"content":{"rendered":"<p>Informativ aufbereitet vom Spiegel:<\/p>\n<ul>\n<li><a href=\"https:\/\/www.spiegel.de\/wissenschaft\/medizin\/eu-befragt-buerger-zu-grenzwerten-fuer-luftqualitaet-a-61ed3cc7-3c9c-4709-a811-1952a220c203\" target=\"_blank\" rel=\"noopener\">EU befragt B\u00fcrger zu Grenzwerten f\u00fcr Luftqualit\u00e4t<\/a><\/li>\n<\/ul>\n<p>&nbsp;<\/p>\n<p>Hier geht es zur Konsultations&#8211;Webseite der Europ\u00e4ischen Kommission:<\/p>\n<ul>\n<li><a href=\"https:\/\/ec.europa.eu\/info\/law\/better-regulation\/have-your-say\/initiatives\/12677-Air-quality-revision-of-EU-rules\/public-consultation_de\" target=\"_blank\" rel=\"noopener\">Luftqualit\u00e4t \u2013 \u00dcberarbeitung der EU-Vorschriften<\/a><br \/>\nZielgruppe: Alle B\u00fcrgerinnen und B\u00fcrger und s\u00e4mtliche Interessentr\u00e4ger sind eingeladen, an der Konsultation teilzunehmen&#8230;..<\/li>\n<\/ul>\n","protected":false},"excerpt":{"rendered":"<p>Informativ aufbereitet vom Spiegel: EU befragt B\u00fcrger zu Grenzwerten f\u00fcr Luftqualit\u00e4t &nbsp; Hier geht es zur Konsultations&#8211;Webseite der Europ\u00e4ischen Kommission: Luftqualit\u00e4t \u2013 \u00dcberarbeitung der EU-Vorschriften Zielgruppe: Alle B\u00fcrgerinnen und B\u00fcrger [&#8230;]<\/p>\n","protected":false},"author":13,"featured_media":0,"comment_status":"open","ping_status":"closed","sticky":false,"template":"","format":"standard","meta":{"ngg_post_thumbnail":0,"iawp_total_views":2,"footnotes":""},"categories":[1],"tags":[],"class_list":["post-35525","post","type-post","status-publish","format-standard","hentry","category-allgemein"],"_links":{"self":[{"href":"https:\/\/iuzb.de\/index.php?rest_route=\/wp\/v2\/posts\/35525","targetHints":{"allow":["GET"]}}],"collection":[{"href":"https:\/\/iuzb.de\/index.php?rest_route=\/wp\/v2\/posts"}],"about":[{"href":"https:\/\/iuzb.de\/index.php?rest_route=\/wp\/v2\/types\/post"}],"author":[{"embeddable":true,"href":"https:\/\/iuzb.de\/index.php?rest_route=\/wp\/v2\/users\/13"}],"replies":[{"embeddable":true,"href":"https:\/\/iuzb.de\/index.php?rest_route=%2Fwp%2Fv2%2Fcomments&post=35525"}],"version-history":[{"count":5,"href":"https:\/\/iuzb.de\/index.php?rest_route=\/wp\/v2\/posts\/35525\/revisions"}],"predecessor-version":[{"id":35530,"href":"https:\/\/iuzb.de\/index.php?rest_route=\/wp\/v2\/posts\/35525\/revisions\/35530"}],"wp:attachment":[{"href":"https:\/\/iuzb.de\/index.php?rest_route=%2Fwp%2Fv2%2Fmedia&parent=35525"}],"wp:term":[{"taxonomy":"category","embeddable":true,"href":"https:\/\/iuzb.de\/index.php?rest_route=%2Fwp%2Fv2%2Fcategories&post=35525"},{"taxonomy":"post_tag","embeddable":true,"href":"https:\/\/iuzb.de\/index.php?rest_route=%2Fwp%2Fv2%2Ftags&post=35525"}],"curies":[{"name":"wp","href":"https:\/\/api.w.org\/{rel}","templated":true}]}}