{"id":35514,"date":"2021-09-23T08:10:27","date_gmt":"2021-09-23T06:10:27","guid":{"rendered":"http:\/\/iuzb.de\/?p=35514"},"modified":"2021-09-23T08:14:53","modified_gmt":"2021-09-23T06:14:53","slug":"fehlerhafte-zahnbehandlung-fuehrt-zu-cranio-mandibulaerer-dysfunktion-cmd","status":"publish","type":"post","link":"https:\/\/iuzb.de\/?p=35514","title":{"rendered":"OLG: Fehlerhafte Zahnbehandlung f\u00fchrt zu cranio-mandibul\u00e4rer Dysfunktion (CMD)"},"content":{"rendered":"<p><strong>OLG K\u00f6ln spricht Patientin wegen fehlerhafte Zahnbehandlung Schmerzensgeld in H\u00f6he von 10.000\u00a0Euro zu<\/strong><\/p>\n<p>Berichtet im heutigen Newsletter:<\/p>\n<ul>\n<li><a href=\"https:\/\/www.kostenlose-urteile.de\/OLG-Koeln_5-U-6416_Fehlerhafte-Zahnbehandlung-fuehrt-zu-cranio-mandibulaerer-Dysfunktion-CMD.news30841.htm\" target=\"_blank\" rel=\"noopener\">https:\/\/www.kostenlose-urteile.de\/OLG-Koeln_5-U-6416_Fehlerhafte-Zahnbehandlung-fuehrt-zu-cranio-mandibulaerer-Dysfunktion-CMD.news30841.htm<\/a><\/li>\n<\/ul>\n<p>Hier das<\/p>\n<ul>\n<li><a href=\"http:\/\/www.justiz.nrw.de\/nrwe\/olgs\/koeln\/j2020\/5_U_64_16_Urteil_20200408.html\" target=\"_blank\" rel=\"noopener\">Urteil des OLG K\u00f6ln vom 08.04.2020 zu Az 5 U 64\/16<\/a>.<\/li>\n<\/ul>\n<p>&nbsp;<\/p>\n","protected":false},"excerpt":{"rendered":"<p>OLG K\u00f6ln spricht Patientin wegen fehlerhafte Zahnbehandlung Schmerzensgeld in H\u00f6he von 10.000\u00a0Euro zu Berichtet im heutigen Newsletter: https:\/\/www.kostenlose-urteile.de\/OLG-Koeln_5-U-6416_Fehlerhafte-Zahnbehandlung-fuehrt-zu-cranio-mandibulaerer-Dysfunktion-CMD.news30841.htm Hier das Urteil des OLG K\u00f6ln vom 08.04.2020 zu Az 5 U [&#8230;]<\/p>\n","protected":false},"author":13,"featured_media":0,"comment_status":"open","ping_status":"closed","sticky":false,"template":"","format":"standard","meta":{"ngg_post_thumbnail":0,"iawp_total_views":0,"footnotes":""},"categories":[68],"tags":[],"class_list":["post-35514","post","type-post","status-publish","format-standard","hentry","category-recht"],"_links":{"self":[{"href":"https:\/\/iuzb.de\/index.php?rest_route=\/wp\/v2\/posts\/35514","targetHints":{"allow":["GET"]}}],"collection":[{"href":"https:\/\/iuzb.de\/index.php?rest_route=\/wp\/v2\/posts"}],"about":[{"href":"https:\/\/iuzb.de\/index.php?rest_route=\/wp\/v2\/types\/post"}],"author":[{"embeddable":true,"href":"https:\/\/iuzb.de\/index.php?rest_route=\/wp\/v2\/users\/13"}],"replies":[{"embeddable":true,"href":"https:\/\/iuzb.de\/index.php?rest_route=%2Fwp%2Fv2%2Fcomments&post=35514"}],"version-history":[{"count":5,"href":"https:\/\/iuzb.de\/index.php?rest_route=\/wp\/v2\/posts\/35514\/revisions"}],"predecessor-version":[{"id":35519,"href":"https:\/\/iuzb.de\/index.php?rest_route=\/wp\/v2\/posts\/35514\/revisions\/35519"}],"wp:attachment":[{"href":"https:\/\/iuzb.de\/index.php?rest_route=%2Fwp%2Fv2%2Fmedia&parent=35514"}],"wp:term":[{"taxonomy":"category","embeddable":true,"href":"https:\/\/iuzb.de\/index.php?rest_route=%2Fwp%2Fv2%2Fcategories&post=35514"},{"taxonomy":"post_tag","embeddable":true,"href":"https:\/\/iuzb.de\/index.php?rest_route=%2Fwp%2Fv2%2Ftags&post=35514"}],"curies":[{"name":"wp","href":"https:\/\/api.w.org\/{rel}","templated":true}]}}