{"id":35424,"date":"2021-09-17T21:03:47","date_gmt":"2021-09-17T19:03:47","guid":{"rendered":"http:\/\/iuzb.de\/?p=35424"},"modified":"2021-09-17T21:57:14","modified_gmt":"2021-09-17T19:57:14","slug":"einladung-zur-verleihung-philipp-pfaff-preis","status":"publish","type":"post","link":"https:\/\/iuzb.de\/?p=35424","title":{"rendered":"07.10.2021: Einladung zur Verleihung des Philipp-Pfaff-Preis"},"content":{"rendered":"<p style=\"text-align: justify;\">Die Einladung bitte zur allgemeinen Kenntnisnahme.<br \/>\nDer Vorschlag f\u00fcr die Preistr\u00e4ger kam in der DV vom 12.11.2020 von einem der Delegierten der IUZB und wir freuen uns sehr, dass der Vorschlag von der Jury aufgegriffen wurde. <span style=\"font-size: 14pt;\">\u00a0\ud83d\ude42<\/span><\/p>\n<blockquote>\n<p style=\"text-align: justify;\">Sehr geehrte Damen und Herren,<br \/>\nsehr geehrte Kolleginnen und Kollegen,<\/p>\n<p style=\"text-align: justify;\">wir laden Sie herzlich ein zur feierlichen Verleihung des diesj\u00e4hrigen Philipp-Pfaff-Preises der Zahn\u00e4rztekammer Berlin. Seit 2001 zeichnet die Zahn\u00e4rztekammer Berlin Pers\u00f6nlichkeiten f\u00fcr ihren herausragenden Einsatz f\u00fcr den zahn\u00e4rztlichen Berufsstand aus. Geehrt werden in diesem Jahr<\/p>\n<p style=\"text-align: justify; padding-left: 40px;\"><strong>die Berliner Schwerpunktpraxen, <\/strong><br \/>\n<strong>die w\u00e4hrend der Pandemie eine zahn\u00e4rztliche Behandlung der an Covid-19 erkrankter Patientinnen und Patienten erm\u00f6glicht haben.<\/strong><\/p>\n<p style=\"text-align: justify; padding-left: 40px;\">Wann? <strong>7. Oktober 2021<\/strong> \u00b7 Beginn 17:30 Uhr \u00b7 anschlie\u00dfend Get-together<br \/>\nWo? Harnack-Haus \u00b7 <a href=\"https:\/\/www.google.com\/maps\/place\/Ihnestra%C3%9Fe+16-20,+14195+Berlin\/@52.4496,13.2771813,17z\/data=!3m1!4b1!4m5!3m4!1s0x47a85a6ab26fcb01:0x74e3220983ebda2!8m2!3d52.4496!4d13.27937\" target=\"_blank\" rel=\"noopener\">Ihnestra\u00dfe 16-20 \u00b7 14195 Berlin<\/a><\/p>\n<p style=\"text-align: justify;\">Nachdem die Verleihung pandemiebedingt im letzten Jahr ausfallen musste, freuen wir uns sehr auf eine pers\u00f6nliche Begegnung.<\/p>\n<p style=\"text-align: justify;\">Im Namen des Vorstands der Zahn\u00e4rztekammer Berlin<\/p>\n<p style=\"text-align: justify;\">Dr. Karsten Heegewaldt<br \/>\nPr\u00e4sident<\/p>\n<p style=\"text-align: justify;\">______________________________<\/p>\n<p style=\"text-align: justify;\">Bitte beachten Sie, dass f\u00fcr alle Teilnehmerinnen und Teilnehmer die 2G-Regel gilt.<br \/>\nWir bitten um Ihre verbindliche Anmeldung per E-Mail an <a href=\"mailto:veranstaltung@zaek-berlin.de\" target=\"_blank\" rel=\"noopener\">veranstaltung@zaek-berlin.de<\/a> bis 29. September 2021.<\/p>\n<p style=\"text-align: justify;\">Hinweis nach DSGVO: Besucherinnen und Besucher erkl\u00e4ren sich mit ihrem Besuch einverstanden, dass sie im Rahmen der Veranstaltung fotografiert werden und dass die Bilder in Zusammenhang mit der Berichterstattung \u00fcber die Veranstaltung sowie in Publikationen der Zahn\u00e4rztekammer Berlin in jeder Form verbreitet und ver\u00f6ffentlicht werden d\u00fcrfen. N\u00e4here Informationen finden Sie online: <a href=\"http:\/\/www.zaek-berlin.de\/fotohinweis\" target=\"_blank\" rel=\"noopener\">www.zaek-berlin.de\/fotohinweis<\/a><\/p>\n<\/blockquote>\n<p><span style=\"text-decoration: underline;\">Hintergrund:<\/span><\/p>\n<p style=\"text-align: justify;\">Seit 2001 zeichnet die Zahn\u00e4rztekammer Berlin Pers\u00f6nlichkeiten f\u00fcr ihren herausragenden Einsatz f\u00fcr den zahn\u00e4rztlichen Berufsstand aus. Bis 2018 geschah dies durch die <a href=\"https:\/\/iuzb.de\/?cat=251\" target=\"_blank\" rel=\"noopener\">Ewald-Harndt-Medaille<\/a> und seit 2019 durch den <a href=\"https:\/\/iuzb.de\/?cat=264\" target=\"_blank\" rel=\"noopener\">Philipp-Pfaff-Preis.<\/a><\/p>\n<p style=\"text-align: justify;\">Philipp Pfaff (* vor dem 27. Februar 1713 in Berlin; \u2020 4. M\u00e4rz 1766 ebenda) war ein deutscher Arzt und Zahnheilkundler, K\u00f6niglich-Preu\u00dfischer Hofzahnarzt von Friedrich dem Gro\u00dfen und revolution\u00e4rer Vordenker in der Zahnmedizin. Er galt als Meister der konservativen Zahnheilkunde und der Zahnextraktion. &#8211; <a href=\"https:\/\/de.wikipedia.org\/wiki\/Philipp_Pfaff\" target=\"_blank\" rel=\"noopener\">weiterleisen<\/a><\/p>\n","protected":false},"excerpt":{"rendered":"<p>Die Einladung bitte zur allgemeinen Kenntnisnahme. Der Vorschlag f\u00fcr die Preistr\u00e4ger kam in der DV vom 12.11.2020 von einem der Delegierten der IUZB und wir freuen uns sehr, dass der [&#8230;]<\/p>\n","protected":false},"author":13,"featured_media":0,"comment_status":"open","ping_status":"closed","sticky":false,"template":"","format":"standard","meta":{"ngg_post_thumbnail":0,"iawp_total_views":0,"footnotes":""},"categories":[264,46],"tags":[],"class_list":["post-35424","post","type-post","status-publish","format-standard","hentry","category-philipp-pfaff-preis","category-zahnaerztekammer-berlin"],"_links":{"self":[{"href":"https:\/\/iuzb.de\/index.php?rest_route=\/wp\/v2\/posts\/35424","targetHints":{"allow":["GET"]}}],"collection":[{"href":"https:\/\/iuzb.de\/index.php?rest_route=\/wp\/v2\/posts"}],"about":[{"href":"https:\/\/iuzb.de\/index.php?rest_route=\/wp\/v2\/types\/post"}],"author":[{"embeddable":true,"href":"https:\/\/iuzb.de\/index.php?rest_route=\/wp\/v2\/users\/13"}],"replies":[{"embeddable":true,"href":"https:\/\/iuzb.de\/index.php?rest_route=%2Fwp%2Fv2%2Fcomments&post=35424"}],"version-history":[{"count":19,"href":"https:\/\/iuzb.de\/index.php?rest_route=\/wp\/v2\/posts\/35424\/revisions"}],"predecessor-version":[{"id":35443,"href":"https:\/\/iuzb.de\/index.php?rest_route=\/wp\/v2\/posts\/35424\/revisions\/35443"}],"wp:attachment":[{"href":"https:\/\/iuzb.de\/index.php?rest_route=%2Fwp%2Fv2%2Fmedia&parent=35424"}],"wp:term":[{"taxonomy":"category","embeddable":true,"href":"https:\/\/iuzb.de\/index.php?rest_route=%2Fwp%2Fv2%2Fcategories&post=35424"},{"taxonomy":"post_tag","embeddable":true,"href":"https:\/\/iuzb.de\/index.php?rest_route=%2Fwp%2Fv2%2Ftags&post=35424"}],"curies":[{"name":"wp","href":"https:\/\/api.w.org\/{rel}","templated":true}]}}