{"id":35370,"date":"2021-09-08T19:43:27","date_gmt":"2021-09-08T17:43:27","guid":{"rendered":"http:\/\/iuzb.de\/?p=35370"},"modified":"2021-09-08T20:34:03","modified_gmt":"2021-09-08T18:34:03","slug":"zaek-vorstandechsel-im-zfa-referat","status":"publish","type":"post","link":"https:\/\/iuzb.de\/?p=35370","title":{"rendered":"Z\u00c4K-Vorstand: Wechsel im ZFA-Referat"},"content":{"rendered":"<p style=\"text-align: justify;\"><span style=\"text-decoration: underline;\">Bekanngabe des <a href=\"https:\/\/www.zaek-berlin.de\/ueber-uns\/vorstand-geschaeftsfuehrung.html\" target=\"_blank\" rel=\"noopener\">Vorstands<\/a> der Zahn\u00e4rztekammer Berlin:<\/span><\/p>\n<p style=\"text-align: justify;\">Z\u00c4 Irina Hahn, zust\u00e4ndig f\u00fcr das Referat Aus- und Fortbildung der Zahnmedizinischen Fachangestellten, ist zum <span style=\"text-decoration: underline;\">31. August 2021<\/span> als Vorstandsmitglied der Zahn\u00e4rztekammer Berlin zur\u00fcckgetreten. Frau Hahn wird in einer Zahnarztpraxis jenseits der Stadtgrenze t\u00e4tig werden, sodass sie k\u00fcnftig nicht mehr zum Kammerbereich Berlin geh\u00f6rt.<\/p>\n<p style=\"text-align: justify;\">F\u00fcr die Kammer ist dies ein gro\u00dfer Verlust und der gesamte Vorstand bedauert ihren Weggang. Gleichzeitig freuen wir uns mit Frau Hahn \u00fcber den beruflichen und privaten Umzug ins Umland und w\u00fcnschen ihr viel Erfolg und alles Gute!<\/p>\n<p style=\"text-align: justify;\">Die neue Leitung des <a href=\"https:\/\/www.zaek-berlin.de\/praxisteam\/ref-aus-und-fortbildung-zfa.html\" target=\"_blank\" rel=\"noopener\">Referates Aus- und Fortbildung ZFA<\/a> wird auf der n\u00e4chsten Ordentlichen Delegiertenversammlung am <span style=\"text-decoration: underline;\">11. November 2021<\/span> gew\u00e4hlt.<\/p>\n<p style=\"text-align: justify;\">Quelle: MBZ 09\/2021, Seite 8<\/p>\n<p>&nbsp;<\/p>\n<p>PS: Frau Hahn geh\u00f6rte der Wahlliste <a href=\"https:\/\/iuzb.de\/?p=33143\" target=\"_blank\" rel=\"noopener\">&#8222;Verband der Zahn\u00c4rztinnen \u2013 Dentista&#8220;<\/a> an<\/p>\n","protected":false},"excerpt":{"rendered":"<p>Bekanngabe des Vorstands der Zahn\u00e4rztekammer Berlin: Z\u00c4 Irina Hahn, zust\u00e4ndig f\u00fcr das Referat Aus- und Fortbildung der Zahnmedizinischen Fachangestellten, ist zum 31. August 2021 als Vorstandsmitglied der Zahn\u00e4rztekammer Berlin zur\u00fcckgetreten. [&#8230;]<\/p>\n","protected":false},"author":13,"featured_media":0,"comment_status":"open","ping_status":"closed","sticky":false,"template":"","format":"standard","meta":{"ngg_post_thumbnail":0,"iawp_total_views":4,"footnotes":""},"categories":[233,46],"tags":[],"class_list":["post-35370","post","type-post","status-publish","format-standard","hentry","category-vorstand-zaek","category-zahnaerztekammer-berlin"],"_links":{"self":[{"href":"https:\/\/iuzb.de\/index.php?rest_route=\/wp\/v2\/posts\/35370","targetHints":{"allow":["GET"]}}],"collection":[{"href":"https:\/\/iuzb.de\/index.php?rest_route=\/wp\/v2\/posts"}],"about":[{"href":"https:\/\/iuzb.de\/index.php?rest_route=\/wp\/v2\/types\/post"}],"author":[{"embeddable":true,"href":"https:\/\/iuzb.de\/index.php?rest_route=\/wp\/v2\/users\/13"}],"replies":[{"embeddable":true,"href":"https:\/\/iuzb.de\/index.php?rest_route=%2Fwp%2Fv2%2Fcomments&post=35370"}],"version-history":[{"count":7,"href":"https:\/\/iuzb.de\/index.php?rest_route=\/wp\/v2\/posts\/35370\/revisions"}],"predecessor-version":[{"id":35378,"href":"https:\/\/iuzb.de\/index.php?rest_route=\/wp\/v2\/posts\/35370\/revisions\/35378"}],"wp:attachment":[{"href":"https:\/\/iuzb.de\/index.php?rest_route=%2Fwp%2Fv2%2Fmedia&parent=35370"}],"wp:term":[{"taxonomy":"category","embeddable":true,"href":"https:\/\/iuzb.de\/index.php?rest_route=%2Fwp%2Fv2%2Fcategories&post=35370"},{"taxonomy":"post_tag","embeddable":true,"href":"https:\/\/iuzb.de\/index.php?rest_route=%2Fwp%2Fv2%2Ftags&post=35370"}],"curies":[{"name":"wp","href":"https:\/\/api.w.org\/{rel}","templated":true}]}}