{"id":35332,"date":"2021-09-04T15:47:08","date_gmt":"2021-09-04T13:47:08","guid":{"rendered":"http:\/\/iuzb.de\/?p=35332"},"modified":"2023-06-07T08:55:44","modified_gmt":"2023-06-07T06:55:44","slug":"iuzb-neuer-vereinsvorstand-gewaehlt","status":"publish","type":"post","link":"https:\/\/iuzb.de\/?p=35332","title":{"rendered":"IUZB: Neuer Vereinsvorstand gew\u00e4hlt"},"content":{"rendered":"<p style=\"text-align: justify;\"><img loading=\"lazy\" decoding=\"async\" class=\"size-full wp-image-30629 alignnone\" src=\"https:\/\/iuzb.de\/wp-content\/uploads\/2020\/07\/Logo-IUZB.jpg\" alt=\"\" width=\"450\" height=\"132\" srcset=\"https:\/\/iuzb.de\/wp-content\/uploads\/2020\/07\/Logo-IUZB.jpg 450w, https:\/\/iuzb.de\/wp-content\/uploads\/2020\/07\/Logo-IUZB-330x97.jpg 330w\" sizes=\"auto, (max-width: 450px) 100vw, 450px\" \/><\/p>\n<p style=\"text-align: justify;\">Die Mitgliederversammlung der IUZB hat <span style=\"text-decoration: underline;\">heute<\/span> anl\u00e4sslich einer turnusgem\u00e4\u00dfen Wahl folgende Mitglieder in den Vorstand berufen:<\/p>\n<table style=\"border-collapse: collapse; width: 100%;\">\n<tbody>\n<tr>\n<td style=\"width: 20.5714%; text-align: left; vertical-align: top;\">1. Vorsitzender<\/td>\n<td style=\"width: 79.4286%; text-align: left; vertical-align: top;\"><strong>Gerhard GNEIST<\/strong> (best\u00e4tigt)<\/td>\n<\/tr>\n<tr>\n<td style=\"width: 20.5714%; text-align: left; vertical-align: top;\">2. Vorsitzender<\/td>\n<td style=\"width: 79.4286%; text-align: left; vertical-align: top;\"><strong>Dr. Helmut DOHMEIER-DE HAAN<\/strong> (best\u00e4tigt)<\/td>\n<\/tr>\n<tr>\n<td style=\"width: 20.5714%; text-align: left; vertical-align: top;\">Schatzmeister<\/td>\n<td style=\"width: 79.4286%; text-align: left; vertical-align: top;\"><strong>Alexander KLUTKE<\/strong> (best\u00e4tigt)<\/td>\n<\/tr>\n<tr>\n<td style=\"width: 20.5714%; text-align: left; vertical-align: top;\">Schriftf\u00fchrer<\/td>\n<td style=\"width: 79.4286%; text-align: left; vertical-align: top;\"><strong>Dr. Peter ZEMLIN<\/strong> (best\u00e4tigt)<\/td>\n<\/tr>\n<tr>\n<td style=\"width: 20.5714%; text-align: left; vertical-align: top;\">Beisitzerin<\/td>\n<td style=\"width: 79.4286%; text-align: left; vertical-align: top;\"><strong>Dr. (USA) Leila MOVAREKHI<\/strong> (neu)<\/td>\n<\/tr>\n<tr>\n<td style=\"width: 20.5714%; text-align: left; vertical-align: top;\">Beisitzer<\/td>\n<td style=\"width: 79.4286%; text-align: left; vertical-align: top;\"><strong>M.Sc. Walid EL-KHATIB<\/strong> (neu)<\/td>\n<\/tr>\n<\/tbody>\n<\/table>\n<p style=\"text-align: justify;\">Der bisherige Beisitzer Herr <strong>Frank BLOCH<\/strong> stellte sich nach rund 15 Jahren erfolgreicher Mitarbeit im Vorstand nicht mehr erneut zur Wahl und ist somit ausgeschieden. Die Mitgliederversammlung sprach Herrn Bloch f\u00fcr die geleisteten Dienste ihren ausdr\u00fccklichen Dank aus.<\/p>\n","protected":false},"excerpt":{"rendered":"<p>Die Mitgliederversammlung der IUZB hat heute anl\u00e4sslich einer turnusgem\u00e4\u00dfen Wahl folgende Mitglieder in den Vorstand berufen: 1. Vorsitzender Gerhard GNEIST (best\u00e4tigt) 2. Vorsitzender Dr. Helmut DOHMEIER-DE HAAN (best\u00e4tigt) Schatzmeister Alexander [&#8230;]<\/p>\n","protected":false},"author":13,"featured_media":27656,"comment_status":"open","ping_status":"closed","sticky":false,"template":"","format":"standard","meta":{"ngg_post_thumbnail":0,"iawp_total_views":3,"footnotes":""},"categories":[48],"tags":[],"class_list":["post-35332","post","type-post","status-publish","format-standard","has-post-thumbnail","hentry","category-iuzb"],"_links":{"self":[{"href":"https:\/\/iuzb.de\/index.php?rest_route=\/wp\/v2\/posts\/35332","targetHints":{"allow":["GET"]}}],"collection":[{"href":"https:\/\/iuzb.de\/index.php?rest_route=\/wp\/v2\/posts"}],"about":[{"href":"https:\/\/iuzb.de\/index.php?rest_route=\/wp\/v2\/types\/post"}],"author":[{"embeddable":true,"href":"https:\/\/iuzb.de\/index.php?rest_route=\/wp\/v2\/users\/13"}],"replies":[{"embeddable":true,"href":"https:\/\/iuzb.de\/index.php?rest_route=%2Fwp%2Fv2%2Fcomments&post=35332"}],"version-history":[{"count":11,"href":"https:\/\/iuzb.de\/index.php?rest_route=\/wp\/v2\/posts\/35332\/revisions"}],"predecessor-version":[{"id":42393,"href":"https:\/\/iuzb.de\/index.php?rest_route=\/wp\/v2\/posts\/35332\/revisions\/42393"}],"wp:featuredmedia":[{"embeddable":true,"href":"https:\/\/iuzb.de\/index.php?rest_route=\/wp\/v2\/media\/27656"}],"wp:attachment":[{"href":"https:\/\/iuzb.de\/index.php?rest_route=%2Fwp%2Fv2%2Fmedia&parent=35332"}],"wp:term":[{"taxonomy":"category","embeddable":true,"href":"https:\/\/iuzb.de\/index.php?rest_route=%2Fwp%2Fv2%2Fcategories&post=35332"},{"taxonomy":"post_tag","embeddable":true,"href":"https:\/\/iuzb.de\/index.php?rest_route=%2Fwp%2Fv2%2Ftags&post=35332"}],"curies":[{"name":"wp","href":"https:\/\/api.w.org\/{rel}","templated":true}]}}