{"id":35217,"date":"2021-08-23T20:43:16","date_gmt":"2021-08-23T18:43:16","guid":{"rendered":"http:\/\/iuzb.de\/?p=35217"},"modified":"2021-09-08T21:33:19","modified_gmt":"2021-09-08T19:33:19","slug":"iuzb-beschwerde-erfolgreich-stellvertretende-wahlleitung-muss-neu-besetzt-werden","status":"publish","type":"post","link":"https:\/\/iuzb.de\/?p=35217","title":{"rendered":"IUZB Beschwerde erfolgreich: Stellvertretende\/r Wahlleiter*in muss neu gew\u00e4hlt werden"},"content":{"rendered":"<p>An Senatsverwaltung GPG<br \/>\nAbteilung I C &#8211; Rechtsaufsicht \u00fcber die KZV Berlin K.d.\u00f6.R.<br \/>\n<span style=\"text-decoration: underline;\">Per eMail am 20.06.2021<\/span><\/p>\n<p style=\"text-align: justify;\"><span style=\"color: #ffffff;\">.<\/span><\/p>\n<p style=\"text-align: justify;\"><strong>Wahl der Mitglieder der Vertreterversammlung der KZV Berlin 2022<\/strong><br \/>\n<span style=\"background-color: #ffffff; color: #ff0000;\"><strong>Beschwerde gegen die Berufung einer Angestellten der KZV Berlin als stellvertretende Vorsitzende des Wahlausschuss am 14.06.2021<\/strong><\/span><\/p>\n<p style=\"text-align: justify;\"><span style=\"color: #ffffff;\">.<\/span><\/p>\n<p style=\"text-align: justify;\"><strong>Sehr geehrte Damen und Herren,<\/strong><\/p>\n<p style=\"text-align: justify;\">am Montag, den 14.06.2021, fand eine Vertreterversammlung in der KZV Berlin statt. Unter Top 8 erfolgte die Wahl der Mitglieder f\u00fcr den Wahlausschuss zur Wahl 2022.<\/p>\n<p style=\"text-align: justify;\">Die Vorschlagsliste des Wahlausschuss 2022 waren alles Vorschl\u00e4ge des Vorstandes.<\/p>\n<p style=\"text-align: justify;\">Mit auf der Vorschlagsliste stand als stellvertretende Vorsitzende eine Angestellte der KZV Berlin: Frau [Name hier nicht wiedergegeben], sie ist eine Juristin von der Rechtsabteilung.<\/p>\n<p style=\"text-align: justify;\">Frau [Name hier nicht wiedergegeben] steht durch Ihr Dienstverh\u00e4ltnis in einem <strong>Abh\u00e4ngigkeitsverh\u00e4ltnis<\/strong> zum Vorstand, welcher auch an dieser Wahl teilnehmen wird, und sie <strong>ist somit f\u00fcr dieses Amt befangen<\/strong>. So wie dies im \u00dcbrigen auch alle anderen Mitarbeitenden sind oder w\u00e4ren!<\/p>\n<p style=\"text-align: justify;\">Ich wies den Vorstand und die Vertreter darauf hin und schlug <a href=\"http:\/\/www.rahoene.de\/ehoene.html\" target=\"_blank\" rel=\"noopener\">Herrn Rechtsanwalt und Notar a.D. Dr. Eberhard Hoene<\/a> vor. Herr Dr. Hoene war bereits bei den KZV- und Kammerwahlen Wahlleiter und hat sich hier als unabh\u00e4ngie und neutrale Instanz sehr bew\u00e4hrt.<\/p>\n<p style=\"text-align: justify;\">Darauf fing Herr Husemann aufs \u00dcbelste \u00fcber Herrn Dr. Hoene herzuziehen: [hier nicht wiedergegeben]. Ich habe mich in diesem Moment f\u00fcr die KZV Berlin gesch\u00e4mt.<\/p>\n<p style=\"text-align: justify;\">Es kam zur Abstimmung und die Mehrheit, die den Wahllisten des Vorstandes, also Verband der Zahn\u00e4rztinnen und Zahn\u00e4rzte von Berlin und Freier Verband Deutscher Zahn\u00e4rzte Landesverband Berlin, angeh\u00f6rte, stimmte f\u00fcr die Angestellte Frau [Name hier nicht wiedergegeben].<\/p>\n<p style=\"text-align: justify;\">2006 kam es bei der Wahl zur Vertreterversammlung des Versorgungswerkes der Rechtsanw\u00e4lte in Berlin zu einer vermeintlichen Wahlmanipulation durch zwei Angestellte, welche als Wahlhelfer eingesetzt wurden, siehe u.a. Abgeordnetenhaus, <a href=\"http:\/\/pardok.parlament-berlin.de\/starweb\/adis\/citat\/VT\/15\/KlAnfr\/ka15-13665.pdf\" target=\"_blank\" rel=\"noopener\">Drucksache 15\/13665<\/a> (Anlage). Zwar erfolgte scheinbar diese Manipulation nicht als Folge einer Weisung im Rahmen eines Abh\u00e4ngigkeitsverh\u00e4ltnisses. Es zeigte sich aber, wie sensibel auch mit einer Wahl in einer Selbstverwaltungsk\u00f6rperschaft umgegangen werden muss und wie sinnvoll es ist, Mitarbeitende oder Kandidierende aus dem Wahlausschuss herauszuhalten, damit dieser neutral und wirklich unabh\u00e4ngig sein Amt aus\u00fcben kann. Zumal es sich bei dieser vermeintlichen <span style=\"text-decoration: underline;\">Manipulation<\/span> herausgestellt hat, dass sie <span style=\"text-decoration: underline;\">nicht einmal strafrechtlich verfolgt werden konnte<\/span> und es hier anscheinend bei unseren K\u00f6rperschaftswahlen eine &#8222;<span style=\"text-decoration: underline;\">Abschreckungsl\u00fccke<\/span>&#8220; gibt. Und zumal es ja nicht nur um den technischen Ablauf einer Wahl geht, sondern evtl. auch \u00fcber u.U. wahlentscheidende Entscheidungsfindungen im Falle von Widerspr\u00fcchen\/Einspr\u00fcchen\/Beschwerden w\u00e4hrend und nach der Wahl.<\/p>\n<p style=\"text-align: justify;\">Nach der letzten KZV Wahl in Berlin 2016, wurde nach Weisung durch den Vorstand der KZV, eine <a href=\"https:\/\/iuzb.de\/?cat=235\" target=\"_blank\" rel=\"noopener\">Wahlanalyse<\/a> angefertigt. Der Datenschutzbeauftragte und Jurist der KZV Berlin, teilte in einer &#8222;Expertise&#8220; mit, dass alles korrekt sei. Ich wand mich an den Berliner Datenschutzbeauftragten, der dies jedoch als rechtswidrig ansah und dies der KZV aufs sch\u00e4rfste mitteilte. Der Vorgang ist Ihnen bekannt (Anlage). Auch dieser Fall belegt, wie sinnvoll und notwendig es ist sicherzustellen, dass wenigstens der Wahlausschuss nicht aus Mitgliedern besteht, welche sich in einem Dienst- oder st\u00e4ndigem Beratungsverh\u00e4ltnis zur KZV Berlin befinden und damit ihren (alleinigen) Lebensunterhalt bestreiten.<\/p>\n<p style=\"text-align: justify;\">Ich bitte h\u00f6flich um Pr\u00fcfung und ggf. weitere Veranlassung.<\/p>\n<p><strong>Mit freundlichen Gr\u00fc\u00dfen<\/strong><\/p>\n<p><strong>Gerhard Gneist<\/strong><\/p>\n<p>Mitglied der Vertreterversammlung der KZV Berlin<br \/>\nWahllistenf\u00fchrer und 1. Vorsitzender<br \/>\nInitiative Unabh\u00e4ngige Zahn\u00e4rzte Berlin (IUZB) e.V.<\/p>\n<p>&nbsp;<\/p>\n<table style=\"border-collapse: collapse; width: 100%;\">\n<tbody>\n<tr>\n<td style=\"width: 17.5714%; text-align: left; vertical-align: top;\">23.06.2021<\/td>\n<td style=\"width: 82.4286%; text-align: left; vertical-align: top;\"><a href=\"https:\/\/iuzb.de\/wp-content\/uploads\/2021\/08\/2021-06-23-Senatsverwaltung-an-KZV-anonymisiert-.pdf\" target=\"_blank\" rel=\"noopener\">Senatsverwaltung an KZV<\/a><\/td>\n<\/tr>\n<tr>\n<td style=\"width: 17.5714%; text-align: left; vertical-align: top;\">30.06.2021<\/td>\n<td style=\"width: 82.4286%; text-align: left; vertical-align: top;\"><a href=\"https:\/\/iuzb.de\/wp-content\/uploads\/2021\/08\/2021-06-30-KZV-an-Senatsverwaltung-anonymisiert-.pdf\" target=\"_blank\" rel=\"noopener\">KZV an Senatsverwaltung<\/a><\/td>\n<\/tr>\n<tr>\n<td style=\"width: 17.5714%; text-align: left; vertical-align: top;\">20.07.2021<\/td>\n<td style=\"width: 82.4286%; text-align: left; vertical-align: top;\"><a href=\"https:\/\/iuzb.de\/wp-content\/uploads\/2021\/08\/2021-07-20-Senatsverwaltung-an-KZV-anonymisiert-.pdf\" target=\"_blank\" rel=\"noopener\">Senatsverwaltung an KZV<\/a><\/p>\n<blockquote>\n<p style=\"text-align: justify;\">[&#8230;]4. In &#8230; der Wahlordnung &#8230; ist au\u00dferdem die M\u00f6glichkeit f\u00fcr den Wahlausschuss beschrieben, Im Benehmen mit dem Vorstand Mitarbeitende der KZV lediglich <strong>als<\/strong> <strong>Wahlfelfer\/Wahlherlferinnen<\/strong> in Anspruch zu nehmen. Daraus ergibt sich im Umkehrschluss, dass sie gerade nicht f\u00fcr die Mitarbeit im Wahlausschuss geeignet sind.<\/p>\n<p style=\"text-align: justify;\"><strong>Handlungsempfehlungen:<\/strong><\/p>\n<p style=\"text-align: justify;\">Mitarbeitende der KZV Berlin sollten f\u00fcr die Besetzung im Wahlausschuss nicht in Frage kommen. Im vorliegenden Fall sollte aus Gr\u00fcnden der Rechtssicherheit erwogen werden, unter Beachtung dieser Ausf\u00fchrungen eine Neuwahl der stellvertretenden Wahlleiterin \/ des stellvertretenden Wahlleiters durchzuf\u00fchren.[&#8230;]<\/p>\n<\/blockquote>\n<\/td>\n<\/tr>\n<\/tbody>\n<\/table>\n<p><span style=\"color: #ffffff;\"><span style=\"color: #000000;\">Ergebnis: <\/span><br \/>\n<\/span><\/p>\n<ul>\n<li><a href=\"https:\/\/iuzb.de\/?p=35238\" target=\"_blank\" rel=\"noopener\">Die Nachwahl erfolgt in der Vertreterversammlung am 06. September 2021 unter TOP 8.<\/a><\/li>\n<\/ul>\n","protected":false},"excerpt":{"rendered":"<p>An Senatsverwaltung GPG Abteilung I C &#8211; Rechtsaufsicht \u00fcber die KZV Berlin K.d.\u00f6.R. Per eMail am 20.06.2021 . Wahl der Mitglieder der Vertreterversammlung der KZV Berlin 2022 Beschwerde gegen die [&#8230;]<\/p>\n","protected":false},"author":13,"featured_media":35246,"comment_status":"open","ping_status":"closed","sticky":false,"template":"","format":"standard","meta":{"ngg_post_thumbnail":0,"iawp_total_views":6,"footnotes":""},"categories":[45,276,192,97],"tags":[],"class_list":["post-35217","post","type-post","status-publish","format-standard","has-post-thumbnail","hentry","category-kzv-berlin","category-kzv-wahl-2022","category-neutralitaetspflicht-kzv","category-vertreterversammlung-kzv-berlin"],"_links":{"self":[{"href":"https:\/\/iuzb.de\/index.php?rest_route=\/wp\/v2\/posts\/35217","targetHints":{"allow":["GET"]}}],"collection":[{"href":"https:\/\/iuzb.de\/index.php?rest_route=\/wp\/v2\/posts"}],"about":[{"href":"https:\/\/iuzb.de\/index.php?rest_route=\/wp\/v2\/types\/post"}],"author":[{"embeddable":true,"href":"https:\/\/iuzb.de\/index.php?rest_route=\/wp\/v2\/users\/13"}],"replies":[{"embeddable":true,"href":"https:\/\/iuzb.de\/index.php?rest_route=%2Fwp%2Fv2%2Fcomments&post=35217"}],"version-history":[{"count":24,"href":"https:\/\/iuzb.de\/index.php?rest_route=\/wp\/v2\/posts\/35217\/revisions"}],"predecessor-version":[{"id":35253,"href":"https:\/\/iuzb.de\/index.php?rest_route=\/wp\/v2\/posts\/35217\/revisions\/35253"}],"wp:featuredmedia":[{"embeddable":true,"href":"https:\/\/iuzb.de\/index.php?rest_route=\/wp\/v2\/media\/35246"}],"wp:attachment":[{"href":"https:\/\/iuzb.de\/index.php?rest_route=%2Fwp%2Fv2%2Fmedia&parent=35217"}],"wp:term":[{"taxonomy":"category","embeddable":true,"href":"https:\/\/iuzb.de\/index.php?rest_route=%2Fwp%2Fv2%2Fcategories&post=35217"},{"taxonomy":"post_tag","embeddable":true,"href":"https:\/\/iuzb.de\/index.php?rest_route=%2Fwp%2Fv2%2Ftags&post=35217"}],"curies":[{"name":"wp","href":"https:\/\/api.w.org\/{rel}","templated":true}]}}