{"id":35089,"date":"2021-08-03T14:57:07","date_gmt":"2021-08-03T12:57:07","guid":{"rendered":"http:\/\/iuzb.de\/?p=35089"},"modified":"2021-08-03T15:04:56","modified_gmt":"2021-08-03T13:04:56","slug":"arbeitshilfe-fuer-beschaeftigte-stillende-frauen-in-zahnmedizinischen-praxen","status":"publish","type":"post","link":"https:\/\/iuzb.de\/?p=35089","title":{"rendered":"Arbeitshilfe f\u00fcr besch\u00e4ftigte stillende Frauen in zahnmedizinischen Praxen"},"content":{"rendered":"<p style=\"text-align: justify;\"><span style=\"text-decoration: underline;\">Landeszahn\u00e4rztekammer BW, heute:<\/span><\/p>\n<p style=\"text-align: justify;\"><strong>Arbeitshilfe f\u00fcr besch\u00e4ftigte stillende Frauen<\/strong><\/p>\n<p style=\"text-align: justify;\">Die Fachgruppe Mutterschutz der Regierungspr\u00e4sidien hat eine<\/p>\n<ul style=\"text-align: justify;\">\n<li><span style=\"font-size: 14pt;\"><a href=\"https:\/\/144697.seu2.cleverreach.com\/c\/61356833\/4fe8aa7e2e3d-qx9ixv\" target=\"_blank\" rel=\"noopener\">\u201eArbeitshilfe Gef\u00e4hrdungsbeurteilung Stillzeit f\u00fcr besch\u00e4ftigte stillende Frauen in zahnmedizinischen Praxen\u201c<\/a> <\/span><\/li>\n<\/ul>\n<p style=\"text-align: justify;\">herausgegeben. Dies bedeutet, dass eine entsprechende anlassbezogene Gef\u00e4hrdungsbeurteilung auch f\u00fcr die Stillzeit durch die Arbeitgeber vorzunehmen ist. Wir empfehlen allen Praxen, die bereits ein Still-Besch\u00e4ftigungsverbot ausgesprochen haben, diese Gef\u00e4hrdungsbeurteilung nochmals vorzunehmen und an die entsprechende Fachgruppe Mutterschutz zu versenden, da sich relevante \u00c4nderungen bei der Risikobewertung ergeben haben.<br \/>\nWeitere Informationen finden Sie in unserem <a href=\"https:\/\/144697.seu2.cleverreach.com\/c\/61356834\/4fe8aa7e2e3d-qx9ixv\" target=\"_blank\" rel=\"noopener\">FAQ-Arbeitsrecht<\/a> auf der Webseite.<\/p>\n<p style=\"text-align: justify;\">______________<\/p>\n<p style=\"text-align: justify;\">Siehe auch Zahn\u00e4rztekammer Berlin (<a href=\"https:\/\/www.zaek-berlin.de\/zahnaerzte\/praxisfuehrung.html\" target=\"_blank\" rel=\"noopener\">Referart Praxisf\u00fchrung<\/a>, November 2019):<\/p>\n<ul>\n<li style=\"text-align: justify;\"><a href=\"https:\/\/www.zaek-berlin.de\/dateien\/Content\/Dokumente\/Presse\/MBZ-Archiv_2019\/MBZ_Artikel\/Stellungnahme_GerberKesler_11191.pdf\" target=\"_blank\" rel=\"noopener\">Einsatz schwangerer oder stillender Frauen in der Zahnarztpraxis \u2013 Stellungnahme der Zahn\u00e4rztekammer Berlin und deren kooperierender Betriebs\u00e4rzte zum reformierten Mutterschutzgesetz<\/a> sowie dazugeh\u00f6rige <a href=\"https:\/\/www.zaek-berlin.de\/presse\/meldungen\/meldungen-detail\/article\/kein-pauschales-beschaeftigungsverbot.html\" target=\"_blank\" rel=\"noopener\">PM<\/a><\/li>\n<\/ul>\n","protected":false},"excerpt":{"rendered":"<p>Landeszahn\u00e4rztekammer BW, heute: Arbeitshilfe f\u00fcr besch\u00e4ftigte stillende Frauen Die Fachgruppe Mutterschutz der Regierungspr\u00e4sidien hat eine \u201eArbeitshilfe Gef\u00e4hrdungsbeurteilung Stillzeit f\u00fcr besch\u00e4ftigte stillende Frauen in zahnmedizinischen Praxen\u201c herausgegeben. Dies bedeutet, dass eine [&#8230;]<\/p>\n","protected":false},"author":13,"featured_media":0,"comment_status":"closed","ping_status":"closed","sticky":false,"template":"","format":"standard","meta":{"ngg_post_thumbnail":0,"iawp_total_views":1,"footnotes":""},"categories":[248],"tags":[],"class_list":["post-35089","post","type-post","status-publish","format-standard","hentry","category-leitlinien"],"_links":{"self":[{"href":"https:\/\/iuzb.de\/index.php?rest_route=\/wp\/v2\/posts\/35089","targetHints":{"allow":["GET"]}}],"collection":[{"href":"https:\/\/iuzb.de\/index.php?rest_route=\/wp\/v2\/posts"}],"about":[{"href":"https:\/\/iuzb.de\/index.php?rest_route=\/wp\/v2\/types\/post"}],"author":[{"embeddable":true,"href":"https:\/\/iuzb.de\/index.php?rest_route=\/wp\/v2\/users\/13"}],"replies":[{"embeddable":true,"href":"https:\/\/iuzb.de\/index.php?rest_route=%2Fwp%2Fv2%2Fcomments&post=35089"}],"version-history":[{"count":6,"href":"https:\/\/iuzb.de\/index.php?rest_route=\/wp\/v2\/posts\/35089\/revisions"}],"predecessor-version":[{"id":35095,"href":"https:\/\/iuzb.de\/index.php?rest_route=\/wp\/v2\/posts\/35089\/revisions\/35095"}],"wp:attachment":[{"href":"https:\/\/iuzb.de\/index.php?rest_route=%2Fwp%2Fv2%2Fmedia&parent=35089"}],"wp:term":[{"taxonomy":"category","embeddable":true,"href":"https:\/\/iuzb.de\/index.php?rest_route=%2Fwp%2Fv2%2Fcategories&post=35089"},{"taxonomy":"post_tag","embeddable":true,"href":"https:\/\/iuzb.de\/index.php?rest_route=%2Fwp%2Fv2%2Ftags&post=35089"}],"curies":[{"name":"wp","href":"https:\/\/api.w.org\/{rel}","templated":true}]}}