{"id":35031,"date":"2021-09-16T11:41:46","date_gmt":"2021-09-16T09:41:46","guid":{"rendered":"http:\/\/iuzb.de\/?p=35031"},"modified":"2021-11-01T17:00:59","modified_gmt":"2021-11-01T16:00:59","slug":"daz-iuzb-herbsttagung-strategische-implantation-unter-strenger-nutzenanalyse","status":"publish","type":"post","link":"https:\/\/iuzb.de\/?p=35031","title":{"rendered":"DAZ-IUZB Herbsttagung 18.09.2021: &#8222;Strategische Implantation unter strenger Nutzenanalyse&#8220;"},"content":{"rendered":"<p><img loading=\"lazy\" decoding=\"async\" class=\"alignnone wp-image-35037\" src=\"https:\/\/iuzb.de\/wp-content\/uploads\/2021\/07\/DAZ-IUZB-Tagung-2021-800x320-1.jpg\" alt=\"\" width=\"615\" height=\"246\" \/><\/p>\n<p style=\"text-align: justify;\"><span style=\"text-decoration: underline;\">Einladung:<\/span><\/p>\n<ul>\n<li style=\"text-align: justify;\"><strong><span style=\"font-size: 14pt;\">&#8222;Strategische Implantation unter strenger Nutzenanalyse&#8220;<\/span><\/strong><\/li>\n<li style=\"text-align: justify;\"><strong><span style=\"font-size: 14pt;\"><a href=\"https:\/\/www.uni-kiel.de\/proth\/html\/lebenslaeufe\/de\/llschaar.htm\" target=\"_blank\" rel=\"noopener\">OA Dr. med. dent. Mohamed Sad Chaar<\/a> &#8211; Kiel<\/span><\/strong><\/li>\n<li style=\"text-align: justify;\">Sonnabend, 18. September 2021<\/li>\n<li style=\"text-align: justify;\">10:00 bis 13:00 Uhr<\/li>\n<li style=\"text-align: justify;\">KZV Berlin, Gro\u00dfer Sitzungssaal, <a href=\"https:\/\/www.google.com\/maps\/place\/Georg-Wilhelm-Stra%C3%9Fe+16,+10711+Berlin\/@52.4998197,13.2881118,17z\/data=!3m1!4b1!4m5!3m4!1s0x47a850c50d659dcd:0xd49ebdfe52729679!8m2!3d52.4998197!4d13.2903005\" target=\"_blank\" rel=\"noopener\">10711 Berlin, Georg-Wilhelm-Stra\u00dfe 16<\/a><\/li>\n<li style=\"text-align: justify;\">3 Fortbildungspunkte<br \/>\n<span style=\"color: #ffffff;\">.<\/span><\/li>\n<li><em>Um Anmeldung wird dringend gebeten:<br \/>\n<a href=\"mailto:kontakt@daz-web.de\" target=\"_blank\" rel=\"noopener\">kontakt@daz-web.de<\/a><\/em><\/li>\n<\/ul>\n<p><span style=\"color: #ffffff;\">.<\/span><\/p>\n<div style=\"width: 134px\" class=\"wp-caption alignright\"><a href=\"https:\/\/www.uni-kiel.de\/proth\/html\/lebenslaeufe\/de\/llschaar.htm\" target=\"_blank\" rel=\"noopener\"><img loading=\"lazy\" decoding=\"async\" class=\"\" src=\"https:\/\/www.uni-kiel.de\/proth\/bilder\/mitarbeiter\/Chaar_gross.jpg\" alt=\"\" width=\"124\" height=\"186\" \/><\/a><p class=\"wp-caption-text\">Referent: <a href=\"https:\/\/www.uni-kiel.de\/proth\/html\/lebenslaeufe\/de\/llschaar.htm\" target=\"_blank\" rel=\"noopener\">OA Dr. med. dent. Chaar<\/a>, Kiel<\/p><\/div>\n<p style=\"text-align: justify;\">Dr. Chaar hat sich bereits bei unserer Veranstaltung im letzten Jahr als guter Referent bewiesen. Er ist Oberarzt in der zahn\u00e4rztlich prothetischen Abteilung der Universit\u00e4t Kiel und verf\u00fcgt \u00fcber mehr als 20 Jahre Erfahrung in den verschiedenen Bereichen der Prothetik.<\/p>\n<p style=\"text-align: justify;\">Wie bekomme ich f\u00fcr einen individuellen Patienten dauerhaft den jeweils gr\u00f6\u00dften Gesundheitsnutzen bei m\u00f6glichst geringem Aufwand an Zeit, Risiko, Invasivit\u00e4t, Morbidit\u00e4t und Kosten? Der Vortrag wird diese Frage an diversen Beispielen bearbeiten und den Teilnehmenden die verzweigten Entscheidungspfade in der Planung aufzeigen.<\/p>\n<p style=\"text-align: justify;\">Der strategische Einsatz von Implantaten ist auch von allgemein versorgungspolitischer Bedeutung, da so einer gr\u00f6\u00dferen Zahl von Patienten der Zugang zu den Vorteilen des Implantateinsatzes in der Prothetik erm\u00f6glicht werden kann.<\/p>\n<p>&nbsp;<\/p>\n<p>Siehe auch: <a href=\"https:\/\/daz-forum.org\/herbstagung-2021\/\" target=\"_blank\" rel=\"noopener\">Einladung auf der Webseite des DAZ<\/a><\/p>\n","protected":false},"excerpt":{"rendered":"<p>Einladung: &#8222;Strategische Implantation unter strenger Nutzenanalyse&#8220; OA Dr. med. dent. Mohamed Sad Chaar &#8211; Kiel Sonnabend, 18. September 2021 10:00 bis 13:00 Uhr KZV Berlin, Gro\u00dfer Sitzungssaal, 10711 Berlin, Georg-Wilhelm-Stra\u00dfe [&#8230;]<\/p>\n","protected":false},"author":13,"featured_media":0,"comment_status":"closed","ping_status":"closed","sticky":false,"template":"","format":"standard","meta":{"ngg_post_thumbnail":0,"iawp_total_views":2,"footnotes":""},"categories":[125,48,76],"tags":[],"class_list":["post-35031","post","type-post","status-publish","format-standard","hentry","category-daz","category-iuzb","category-fortbildungen"],"_links":{"self":[{"href":"https:\/\/iuzb.de\/index.php?rest_route=\/wp\/v2\/posts\/35031","targetHints":{"allow":["GET"]}}],"collection":[{"href":"https:\/\/iuzb.de\/index.php?rest_route=\/wp\/v2\/posts"}],"about":[{"href":"https:\/\/iuzb.de\/index.php?rest_route=\/wp\/v2\/types\/post"}],"author":[{"embeddable":true,"href":"https:\/\/iuzb.de\/index.php?rest_route=\/wp\/v2\/users\/13"}],"replies":[{"embeddable":true,"href":"https:\/\/iuzb.de\/index.php?rest_route=%2Fwp%2Fv2%2Fcomments&post=35031"}],"version-history":[{"count":25,"href":"https:\/\/iuzb.de\/index.php?rest_route=\/wp\/v2\/posts\/35031\/revisions"}],"predecessor-version":[{"id":35069,"href":"https:\/\/iuzb.de\/index.php?rest_route=\/wp\/v2\/posts\/35031\/revisions\/35069"}],"wp:attachment":[{"href":"https:\/\/iuzb.de\/index.php?rest_route=%2Fwp%2Fv2%2Fmedia&parent=35031"}],"wp:term":[{"taxonomy":"category","embeddable":true,"href":"https:\/\/iuzb.de\/index.php?rest_route=%2Fwp%2Fv2%2Fcategories&post=35031"},{"taxonomy":"post_tag","embeddable":true,"href":"https:\/\/iuzb.de\/index.php?rest_route=%2Fwp%2Fv2%2Ftags&post=35031"}],"curies":[{"name":"wp","href":"https:\/\/api.w.org\/{rel}","templated":true}]}}