{"id":35010,"date":"2021-07-19T19:41:30","date_gmt":"2021-07-19T17:41:30","guid":{"rendered":"http:\/\/iuzb.de\/?p=35010"},"modified":"2021-08-07T10:07:39","modified_gmt":"2021-08-07T08:07:39","slug":"widerspruch-gegen-das-protokoll-der-dritten-ordentlichen-delegiertenversammlung-vom-27-05-202","status":"publish","type":"post","link":"https:\/\/iuzb.de\/?p=35010","title":{"rendered":"Widerspruch gegen das Protokoll der dritten ordentlichen Delegiertenversammlung vom 27.05.2021"},"content":{"rendered":"<p><span style=\"text-decoration: underline;\">Heute an Z\u00c4K Berlin:<\/span><\/p>\n<p>&nbsp;<\/p>\n<p>Sehr geehrter Herr Pr\u00e4sident Dr. Heegewaldt,<\/p>\n<ul>\n<li><strong>gegen das Protokoll der dritten ordentlichen Delegiertenversammlung vom 27.05.2021 erheben wir fristgerecht Widerspruch. <\/strong><br \/>\n<strong>In diesem Zusammenhang ist darauf hinzuweisen, dass das Wortprotokoll (Band Abschrift) entgegen der Ank\u00fcndigung seit dem 05.07.2021 nicht im Delegiertenbereich der Zahn\u00e4rztekammer-Cloud zur Verf\u00fcgung gestanden hat und auch noch immer nicht steht.<\/strong><\/li>\n<\/ul>\n<p>&nbsp;<\/p>\n<p><span style=\"text-decoration: underline;\">Unter TOP 6 Fragestunde hei\u00dft es:<\/span><\/p>\n<p style=\"padding-left: 40px;\">\u201eEs erfolgt kein Beschluss zu TOP 6.\u201c<\/p>\n<p style=\"padding-left: 40px;\">In einer Fragestunde werden keine Antr\u00e4ge gestellt und keine Beschl\u00fcsse herbeigef\u00fchrt. Hier werden Fragen an den Vorstand gestellt und von diesem beantwortet.<\/p>\n<p style=\"padding-left: 40px;\">Die Fragen und Antworten sind zu dokumentieren.<\/p>\n<p style=\"padding-left: 40px;\">Es fehlt die Wiedergabe der unter diesem Tagesordnungspunkt gestellten Fragen der Koll. Dreyer, Bloch, M\u00fcller-Reichenwallner, Hessberger, Wandelt und Klutke. Es fehlt die Wiedergabe der hierzu vom Vorstand bzw. dem Gesch\u00e4ftsf\u00fchrer gegebenen Antworten.<\/p>\n<p><span style=\"text-decoration: underline;\">Unter TOP 8 Verschiedenes hei\u00dft es:<\/span><\/p>\n<p style=\"padding-left: 40px;\">\u201eHerr Fischdick informiert die Delegierten, dass die Staatsanwaltschaft Berlin in der Angelegenheit \u201esexuelle Bel\u00e4stigung im Phillip-Pfaff Institut\u201c das Ermittlungsverfahren gem. \u00a7170 Abs. 2 StPO eingestellt hat.\u201c<\/p>\n<p style=\"padding-left: 40px;\">Dies ist falsch.<\/p>\n<p style=\"padding-left: 40px;\">Unter TOP 8 ist diese Information der Delegierten nicht erfolgt. Diese Information erfolgte unter dem TOP 6 Fragestunde. Unter dem gleichen \u201eTOP 6 Fragestunde\u201c war die Nachfrage des Kollegen Klutke, gegen wen die Ermittlungen erfolgten von Herrn Fischdick dahingehend beantwortet worden, dass die vom Vorstand der Zahn\u00e4rztekammer erfolgte \u201eAnzeige gegen\u00a0 Unbekannt\u201c gestellt worden ist und die Einstellung des Verfahrens auch gegen \u201eUnbekannt\u201c erfolgte. Auf nochmalige Nachfrage, ob denn im Einstellungsbescheid keine Namen genannt wurden r\u00e4umte Herr Fischdick ein, das gegen den ehemaligen Gesch\u00e4ftsf\u00fchrer des PPI Thilo Schmidt-Rogge ermittelt wurde.<\/p>\n<p style=\"padding-left: 40px;\">Richtig ist:<\/p>\n<p style=\"padding-left: 40px;\">Unter dem TOP 8 Verschiedenes wurden keine Fragen gestellt und keine Antworten gegeben. Auch erfolgten unter diesem Tagesordnungspunkt keine weiteren Mitteilungen oder Berichte.<\/p>\n<p>Dies ist als ein Versuch zu werten, die KollegInnen \u00fcber den tats\u00e4chlichen Ablauf Delegiertenversammlung zu t\u00e4uschen.<\/p>\n<p>Mit kollegialen Gr\u00fc\u00dfen<\/p>\n<p><span style=\"text-decoration: underline;\">Delegierte:<\/span><\/p>\n<p>Gerhard Gneist<br \/>\nDr. Helmut Dohmeier-de Haan<br \/>\nAlexander Klutke<\/p>\n","protected":false},"excerpt":{"rendered":"<p>Heute an Z\u00c4K Berlin: &nbsp; Sehr geehrter Herr Pr\u00e4sident Dr. Heegewaldt, gegen das Protokoll der dritten ordentlichen Delegiertenversammlung vom 27.05.2021 erheben wir fristgerecht Widerspruch. In diesem Zusammenhang ist darauf hinzuweisen, [&#8230;]<\/p>\n","protected":false},"author":13,"featured_media":0,"comment_status":"open","ping_status":"closed","sticky":false,"template":"","format":"standard","meta":{"ngg_post_thumbnail":0,"iawp_total_views":6,"footnotes":""},"categories":[193,46,260],"tags":[],"class_list":["post-35010","post","type-post","status-publish","format-standard","hentry","category-protokolle-dv","category-zahnaerztekammer-berlin","category-philipp-pfaff-institut-zahnaerztekammer-berlin"],"_links":{"self":[{"href":"https:\/\/iuzb.de\/index.php?rest_route=\/wp\/v2\/posts\/35010","targetHints":{"allow":["GET"]}}],"collection":[{"href":"https:\/\/iuzb.de\/index.php?rest_route=\/wp\/v2\/posts"}],"about":[{"href":"https:\/\/iuzb.de\/index.php?rest_route=\/wp\/v2\/types\/post"}],"author":[{"embeddable":true,"href":"https:\/\/iuzb.de\/index.php?rest_route=\/wp\/v2\/users\/13"}],"replies":[{"embeddable":true,"href":"https:\/\/iuzb.de\/index.php?rest_route=%2Fwp%2Fv2%2Fcomments&post=35010"}],"version-history":[{"count":4,"href":"https:\/\/iuzb.de\/index.php?rest_route=\/wp\/v2\/posts\/35010\/revisions"}],"predecessor-version":[{"id":35065,"href":"https:\/\/iuzb.de\/index.php?rest_route=\/wp\/v2\/posts\/35010\/revisions\/35065"}],"wp:attachment":[{"href":"https:\/\/iuzb.de\/index.php?rest_route=%2Fwp%2Fv2%2Fmedia&parent=35010"}],"wp:term":[{"taxonomy":"category","embeddable":true,"href":"https:\/\/iuzb.de\/index.php?rest_route=%2Fwp%2Fv2%2Fcategories&post=35010"},{"taxonomy":"post_tag","embeddable":true,"href":"https:\/\/iuzb.de\/index.php?rest_route=%2Fwp%2Fv2%2Ftags&post=35010"}],"curies":[{"name":"wp","href":"https:\/\/api.w.org\/{rel}","templated":true}]}}