{"id":34973,"date":"2021-07-16T22:02:09","date_gmt":"2021-07-16T20:02:09","guid":{"rendered":"http:\/\/iuzb.de\/?p=34973"},"modified":"2021-07-16T23:58:55","modified_gmt":"2021-07-16T21:58:55","slug":"humbold-forum-ausstellung-schrecklich-schoen-elefant-mensch-elfenbein","status":"publish","type":"post","link":"https:\/\/iuzb.de\/?p=34973","title":{"rendered":"Humbold Forum: Ausstellung &#8222;Schrecklich sch\u00f6n. Elefant \u2013 Mensch \u2013 Elfenbein&#8220;"},"content":{"rendered":"<p style=\"text-align: justify;\">Am 20. Juli er\u00f6ffnet das Humboldt Forum im Berliner Schloss die Sonderausstellung \u201eschrecklich sch\u00f6n. Elefant \u2013 Mensch \u2013 Elfenbein\u201c. Gezeigt werden auch Exponate des Dentalhistorischen Museums, wie die zm heute mitteilt:<\/p>\n<ul style=\"text-align: justify;\">\n<li><a href=\"https:\/\/www.zm-online.de\/archiv\/2021\/14\/gesellschaft\/der-hoellenzahn-kommt-ins-berliner-schloss\/?utm_source=+CleverReach+GmbH+%26+Co.+KG&amp;utm_medium=email&amp;utm_campaign=20210716_ZM_Heftnewsletter&amp;utm_content=Mailing_7766719\" target=\"_blank\" rel=\"noopener\">Der H\u00f6llenzahn kommt ins Berliner Schloss<\/a><\/li>\n<\/ul>\n<p style=\"text-align: justify;\"><span style=\"text-decoration: underline;\"><strong>Humboldt Forum<\/strong><\/span><\/p>\n<p style=\"text-align: justify;\">Programm<br \/>\n<strong>schrecklich sch\u00f6n<\/strong><br \/>\n<strong>Elefant \u2013 Mensch \u2013 Elfenbein<\/strong><br \/>\nAusstellung, Thementag und mehr<br \/>\nab Di, 20. Juli 2021<\/p>\n<p style=\"text-align: justify;\">Der Elefant ist ein bewundertes und zugleich gef\u00e4hrdetes Tier. In allen Zeiten und Kulturen war das Elfenbein seiner Sto\u00dfz\u00e4hne begehrt.<\/p>\n<p style=\"text-align: justify;\"><span style=\"text-decoration: underline;\">Was Sie erwartet<\/span><br \/>\nElfenbein fasziniert \u2013 und polarisiert. Bereits vor 40.000 Jahren schufen Menschen aus den Sto\u00dfz\u00e4hnen des Mammuts kunstvolle fig\u00fcrliche Darstellungen und Musikinstrumente. Die Beliebtheit des Materials h\u00e4lt bis heute an. Zugleich stehen die Sto\u00dfz\u00e4hne der Tiere f\u00fcr Unrecht und Gewalt: Die Ausbeutung von Mensch und Natur, die drohende Ausrottung der Elefanten, Wilderei und organisierte Kriminalit\u00e4t sind mit Elfenbein verbunden.<br \/>\nDas Programm schrecklich sch\u00f6n. Elefant \u2013 Mensch \u2013 Elfenbein wagt sich an dieses komplexe Thema und schafft Verbindungslinien zu einem der Kernthemen des Humboldt Forums: Kolonialismus und Kolonialit\u00e4t. Es umfasst eine Ausstellung, Vermittlungsangebote, ein Diskurs- und ein Filmprogramm sowie eine reich bebilderte Publikation. Ein Thementag stellt das gesamte Humboldt Forum ins Zeichen von Elefant, Mensch, Elfenbein.<\/p>\n<p style=\"text-align: justify;\"><span style=\"text-decoration: underline;\">Die Ausstellung<\/span><br \/>\n<span style=\"background-color: #ff0000;\">20. Juli \u2013 28. November 2021 (t\u00e4glich au\u00dfer dienstags ab 10 Uhr)<\/span><br \/>\nDie Ausstellung pr\u00e4sentiert das Verh\u00e4ltnis Elefant \u2013 Mensch \u2013 Elfenbein auf ungew\u00f6hnliche Weise und mit einer gro\u00dfen Bandbreite an Perspektiven. Ihre welt- und epochenumspannende Erz\u00e4hlung f\u00fchrt vom Kleinen ins Gro\u00dfe: vom Kunstwerk aus Elfenbein \u00fcber das Motiv des Sto\u00dfzahns bis hin zum ganzen Tier. Sie verbindet die kulturelle Bedeutung des Elfenbeins mit naturkundlichen Aspekten und den sozialen und \u00f6kologischen Folgen seiner Verwendung.<br \/>\nF\u00fcr die Ausstellung wurden mehr als 200 Objekte aus weltweit renommierten Museen wie dem British Museum in London, dem Museum f\u00fcr Angewandte Kunst in Wien, dem Mus\u00e9e du quai Branly \u2013 Jacques Chirac, Paris, und dem Germanischen Nationalmuseum in N\u00fcrnberg zusammengetragen.<\/p>\n<ul>\n<li><a href=\"https:\/\/www.humboldtforum.org\/wp-content\/uploads\/2021\/06\/20210623_PM-schrecklich-schoen-final-2.pdf\" target=\"_blank\" rel=\"noopener\">Pressemitteilung vom 23.06.2021<\/a><\/li>\n<li><span style=\"font-size: 14pt;\"><a href=\"https:\/\/www.humboldtforum.org\/de\/programm\/laufzeitangebot\/ausstellung\/schrecklich-schoen-elefant-mensch-elfenbein-21232\/\" target=\"_blank\" rel=\"noopener\"><span style=\"font-size: 18pt;\">Zur Ausstellung<\/span><\/a><\/span><\/li>\n<\/ul>\n","protected":false},"excerpt":{"rendered":"<p>Am 20. Juli er\u00f6ffnet das Humboldt Forum im Berliner Schloss die Sonderausstellung \u201eschrecklich sch\u00f6n. Elefant \u2013 Mensch \u2013 Elfenbein\u201c. Gezeigt werden auch Exponate des Dentalhistorischen Museums, wie die zm heute [&#8230;]<\/p>\n","protected":false},"author":13,"featured_media":0,"comment_status":"open","ping_status":"closed","sticky":false,"template":"","format":"standard","meta":{"ngg_post_thumbnail":0,"iawp_total_views":0,"footnotes":""},"categories":[123],"tags":[],"class_list":["post-34973","post","type-post","status-publish","format-standard","hentry","category-zahngeschichte"],"_links":{"self":[{"href":"https:\/\/iuzb.de\/index.php?rest_route=\/wp\/v2\/posts\/34973","targetHints":{"allow":["GET"]}}],"collection":[{"href":"https:\/\/iuzb.de\/index.php?rest_route=\/wp\/v2\/posts"}],"about":[{"href":"https:\/\/iuzb.de\/index.php?rest_route=\/wp\/v2\/types\/post"}],"author":[{"embeddable":true,"href":"https:\/\/iuzb.de\/index.php?rest_route=\/wp\/v2\/users\/13"}],"replies":[{"embeddable":true,"href":"https:\/\/iuzb.de\/index.php?rest_route=%2Fwp%2Fv2%2Fcomments&post=34973"}],"version-history":[{"count":6,"href":"https:\/\/iuzb.de\/index.php?rest_route=\/wp\/v2\/posts\/34973\/revisions"}],"predecessor-version":[{"id":34979,"href":"https:\/\/iuzb.de\/index.php?rest_route=\/wp\/v2\/posts\/34973\/revisions\/34979"}],"wp:attachment":[{"href":"https:\/\/iuzb.de\/index.php?rest_route=%2Fwp%2Fv2%2Fmedia&parent=34973"}],"wp:term":[{"taxonomy":"category","embeddable":true,"href":"https:\/\/iuzb.de\/index.php?rest_route=%2Fwp%2Fv2%2Fcategories&post=34973"},{"taxonomy":"post_tag","embeddable":true,"href":"https:\/\/iuzb.de\/index.php?rest_route=%2Fwp%2Fv2%2Ftags&post=34973"}],"curies":[{"name":"wp","href":"https:\/\/api.w.org\/{rel}","templated":true}]}}