{"id":34966,"date":"2021-07-16T09:35:20","date_gmt":"2021-07-16T07:35:20","guid":{"rendered":"http:\/\/iuzb.de\/?p=34966"},"modified":"2021-07-16T09:42:03","modified_gmt":"2021-07-16T07:42:03","slug":"eugh-zu-kopftuchverbot-in-der-privatwirtschaft","status":"publish","type":"post","link":"https:\/\/iuzb.de\/?p=34966","title":{"rendered":"EuGH zu Kopftuchverbot in der Privatwirtschaft"},"content":{"rendered":"<p>In zwei Urteilen stellte der Europ\u00e4ische Gerichtshof Ma\u00dfst\u00e4be auf f\u00fcr Verbote zum Tragen sichtbarer religi\u00f6ser Zeichen am Arbeitsplatz. Der Arbeitgeber m\u00fcsse ein &#8222;wirkliches Bed\u00fcrfnis&#8220; nachweisen und zudem Bem\u00fchungen um Neutralit\u00e4t im Unternehmen auch ansonsten &#8222;konsequent und systematisch&#8220; umsetzen.<\/p>\n<p>EuGH: Verbundene Rechtssachen <a href=\"https:\/\/curia.europa.eu\/juris\/liste.jsf?oqp=&amp;for=&amp;mat=or&amp;jge=&amp;td=%3BALL&amp;jur=C%2CT%2CF&amp;num=C-804%252F18&amp;page=1&amp;dates=&amp;pcs=Oor&amp;lg=&amp;pro=&amp;nat=or&amp;cit=none%252CC%252CCJ%252CR%252C2008E%252C%252C%252C%252C%252C%252C%252C%252C%252C%252Ctrue%252Cfalse%252Cfalse&amp;language=de&amp;avg=&amp;cid=2008557\" target=\"_blank\" rel=\"noopener\">C-804\/18<\/a> und <a href=\"https:\/\/curia.europa.eu\/juris\/liste.jsf?oqp=&amp;for=&amp;mat=or&amp;jge=&amp;td=%3BALL&amp;jur=C%2CT%2CF&amp;num=C-341%252F19&amp;page=1&amp;dates=&amp;pcs=Oor&amp;lg=&amp;pro=&amp;nat=or&amp;cit=none%252CC%252CCJ%252CR%252C2008E%252C%252C%252C%252C%252C%252C%252C%252C%252C%252Ctrue%252Cfalse%252Cfalse&amp;language=de&amp;avg=&amp;cid=2011309\" target=\"_blank\" rel=\"noopener\">C-341\/19<\/a><\/p>\n<p>&nbsp;<\/p>\n<p><span style=\"text-decoration: underline;\">Weiterf\u00fchrend:<\/span><\/p>\n<ul>\n<li><a href=\"https:\/\/www.faz.net\/aktuell\/wirtschaft\/eugh-urteil-verbannung-von-kopftuch-kreuz-und-kippa-17438956.html\" target=\"_blank\" rel=\"noopener\">FAZ:<\/a> Die Verbannung von Kopftuch, Kreuz und Kippa<\/li>\n<li><a href=\"https:\/\/taz.de\/Europaeischer-Gerichtshof-urteilt\/!5781449\/\" target=\"_blank\" rel=\"noopener\">taz:<\/a> Neutral ohne Kopftuch<\/li>\n<li><a href=\"https:\/\/www.lto.de\/recht\/hintergruende\/h\/eugh-urteil-c80418-c34119-kopftuch-religion-arbeitsplatz-unternehmen-neutralitaetsgebot\/\" target=\"_blank\" rel=\"noopener\">LTO:<\/a> Das Tragen von Kopf\u00adt\u00fcchern am Arbeits\u00adplatz kann ver\u00adboten werden<\/li>\n<li><a href=\"https:\/\/www.sueddeutsche.de\/meinung\/kopftuchverbot-europaeischer-gerichtshof-deutschland-1.5352830\" target=\"_blank\" rel=\"noopener\">SZ:<\/a> &#8222;Kommerz schl\u00e4gt Gott. Und Allah.&#8220;<\/li>\n<\/ul>\n","protected":false},"excerpt":{"rendered":"<p>In zwei Urteilen stellte der Europ\u00e4ische Gerichtshof Ma\u00dfst\u00e4be auf f\u00fcr Verbote zum Tragen sichtbarer religi\u00f6ser Zeichen am Arbeitsplatz. Der Arbeitgeber m\u00fcsse ein &#8222;wirkliches Bed\u00fcrfnis&#8220; nachweisen und zudem Bem\u00fchungen um Neutralit\u00e4t [&#8230;]<\/p>\n","protected":false},"author":13,"featured_media":0,"comment_status":"open","ping_status":"closed","sticky":false,"template":"","format":"standard","meta":{"ngg_post_thumbnail":0,"iawp_total_views":1,"footnotes":""},"categories":[84,68],"tags":[],"class_list":["post-34966","post","type-post","status-publish","format-standard","hentry","category-eugh","category-recht"],"_links":{"self":[{"href":"https:\/\/iuzb.de\/index.php?rest_route=\/wp\/v2\/posts\/34966","targetHints":{"allow":["GET"]}}],"collection":[{"href":"https:\/\/iuzb.de\/index.php?rest_route=\/wp\/v2\/posts"}],"about":[{"href":"https:\/\/iuzb.de\/index.php?rest_route=\/wp\/v2\/types\/post"}],"author":[{"embeddable":true,"href":"https:\/\/iuzb.de\/index.php?rest_route=\/wp\/v2\/users\/13"}],"replies":[{"embeddable":true,"href":"https:\/\/iuzb.de\/index.php?rest_route=%2Fwp%2Fv2%2Fcomments&post=34966"}],"version-history":[{"count":4,"href":"https:\/\/iuzb.de\/index.php?rest_route=\/wp\/v2\/posts\/34966\/revisions"}],"predecessor-version":[{"id":34970,"href":"https:\/\/iuzb.de\/index.php?rest_route=\/wp\/v2\/posts\/34966\/revisions\/34970"}],"wp:attachment":[{"href":"https:\/\/iuzb.de\/index.php?rest_route=%2Fwp%2Fv2%2Fmedia&parent=34966"}],"wp:term":[{"taxonomy":"category","embeddable":true,"href":"https:\/\/iuzb.de\/index.php?rest_route=%2Fwp%2Fv2%2Fcategories&post=34966"},{"taxonomy":"post_tag","embeddable":true,"href":"https:\/\/iuzb.de\/index.php?rest_route=%2Fwp%2Fv2%2Ftags&post=34966"}],"curies":[{"name":"wp","href":"https:\/\/api.w.org\/{rel}","templated":true}]}}