{"id":34844,"date":"2021-06-30T11:44:20","date_gmt":"2021-06-30T09:44:20","guid":{"rendered":"http:\/\/iuzb.de\/?p=34844"},"modified":"2022-07-29T14:21:51","modified_gmt":"2022-07-29T12:21:51","slug":"meldung-systematische-behandlung-von-parodontitis-ist-ab-1-juli-neue-gkv-leistung","status":"publish","type":"post","link":"https:\/\/iuzb.de\/?p=34844","title":{"rendered":"Systematische Behandlung von Parodontitis ist ab 1. Juli neue GKV-Leistung"},"content":{"rendered":"<p style=\"text-align: justify;\">Patientinnen und Patienten mit schwerer Parodontitis k\u00f6nnen ab 1. Juli 2021 von einer systematischen Diagnostik und Behandlung profitieren. Diese zus\u00e4tzliche Leistung der gesetzlichen Krankenversicherung basiert auf einer neuen Richtlinie des Gemeinsamen Bundesausschusses (G-BA). Die sogenannte PAR-Richtlinie tritt zu diesem Datum in Kraft und auch die notwendigen vertragszahn\u00e4rztlichen Verg\u00fctungsziffern liegen bereits vor. Die systematische Behandlung muss von der gesetzlichen Krankenkasse vorab genehmigt werden.<\/p>\n<p style=\"text-align: justify;\"><strong>Systematische Diagnostik und Therapie<\/strong><\/p>\n<p style=\"text-align: justify;\">Die neue PAR-Richtlinie regelt das Leistungsspektrum der Parodontitisbehandlung f\u00fcr schwierige Erkrankungsverl\u00e4ufe: Ist bei einer Patientin oder einem Patienten eine systematische Behandlung medizinisch angezeigt, werden in einem Aufkl\u00e4rungs- und Therapiegespr\u00e4ch die weiteren Schritte besprochen. In Abh\u00e4ngigkeit von Stadium und Grad der Erkrankung sind eine antiinfekti\u00f6se und ggf. auch eine chirurgische Therapie m\u00f6glich.<\/p>\n<p style=\"text-align: justify;\">Als Teil des systematischen Behandlungskonzeptes beginnt drei bis sechs Monate nach der antiinfekti\u00f6sen und ggf. chirurgischen Therapie die Unterst\u00fctzende Parodontitistherapie (UPT). Ziel der zweij\u00e4hrigen UPT ist es, den Behandlungserfolg m\u00f6glichst langfristig zu sichern.<\/p>\n<p style=\"text-align: justify;\">Ein erstes Screening auf Parodontalerkrankungen sowie die zahnmedizinischen Leistungen bei akuten und leichten Verl\u00e4ufen sind weiterhin \u00fcber die vertragszahn\u00e4rztliche Behandlungsrichtlinie des G-BA in der Versorgung verankert.<\/p>\n<p style=\"text-align: justify;\"><strong>Angebot f\u00fcr pflegebed\u00fcrftige und behinderte Menschen<\/strong><\/p>\n<p style=\"text-align: justify;\">F\u00fcr Menschen, die pflegebed\u00fcrftig sind oder aufgrund ihrer Behinderung Eingliederungshilfe beziehen, gibt es ab 1. Juli 2021 ein bedarfsgerecht zugeschnittenes Angebot der systematischen Parodontitistherapie. Die Leistungen sind in der vertragszahn\u00e4rztlichen Behandlungsrichtlinie verankert. Sie k\u00f6nnen in Anspruch genommen werden, wenn die Patientin oder der Patient die Mundhygiene nicht oder nur eingeschr\u00e4nkt selbst aufrechterhalten kann, bei der Behandlung eine Allgemeinnarkose ben\u00f6tigt wird oder wegen geistiger Einschr\u00e4nkungen nicht oder nur teilweise kooperiert werden kann. Diese systematische Parodontitisbehandlung ist bei der Krankenkasse lediglich anzuzeigen.<\/p>\n<p style=\"text-align: justify;\">Weitere Informationen bietet die Themenseite zur<\/p>\n<ul>\n<li><a href=\"https:\/\/www.g-ba.de\/themen\/zahnaerztliche-versorgung\/parodontalerkrankungen\/\" target=\"_blank\" rel=\"noopener\">Behandlung von Parodontalerkrankungen.<\/a><\/li>\n<\/ul>\n<p>Quelle: Gemeinsamer Bundesausschuss, Pressemitteilung vom 30.06.2021<\/p>\n","protected":false},"excerpt":{"rendered":"<p>Patientinnen und Patienten mit schwerer Parodontitis k\u00f6nnen ab 1. Juli 2021 von einer systematischen Diagnostik und Behandlung profitieren. Diese zus\u00e4tzliche Leistung der gesetzlichen Krankenversicherung basiert auf einer neuen Richtlinie des [&#8230;]<\/p>\n","protected":false},"author":13,"featured_media":0,"comment_status":"open","ping_status":"closed","sticky":false,"template":"","format":"standard","meta":{"ngg_post_thumbnail":0,"iawp_total_views":2,"footnotes":""},"categories":[241,291],"tags":[],"class_list":["post-34844","post","type-post","status-publish","format-standard","hentry","category-gemeinsamer-bundesausschuss","category-parodontitis"],"_links":{"self":[{"href":"https:\/\/iuzb.de\/index.php?rest_route=\/wp\/v2\/posts\/34844","targetHints":{"allow":["GET"]}}],"collection":[{"href":"https:\/\/iuzb.de\/index.php?rest_route=\/wp\/v2\/posts"}],"about":[{"href":"https:\/\/iuzb.de\/index.php?rest_route=\/wp\/v2\/types\/post"}],"author":[{"embeddable":true,"href":"https:\/\/iuzb.de\/index.php?rest_route=\/wp\/v2\/users\/13"}],"replies":[{"embeddable":true,"href":"https:\/\/iuzb.de\/index.php?rest_route=%2Fwp%2Fv2%2Fcomments&post=34844"}],"version-history":[{"count":3,"href":"https:\/\/iuzb.de\/index.php?rest_route=\/wp\/v2\/posts\/34844\/revisions"}],"predecessor-version":[{"id":34847,"href":"https:\/\/iuzb.de\/index.php?rest_route=\/wp\/v2\/posts\/34844\/revisions\/34847"}],"wp:attachment":[{"href":"https:\/\/iuzb.de\/index.php?rest_route=%2Fwp%2Fv2%2Fmedia&parent=34844"}],"wp:term":[{"taxonomy":"category","embeddable":true,"href":"https:\/\/iuzb.de\/index.php?rest_route=%2Fwp%2Fv2%2Fcategories&post=34844"},{"taxonomy":"post_tag","embeddable":true,"href":"https:\/\/iuzb.de\/index.php?rest_route=%2Fwp%2Fv2%2Ftags&post=34844"}],"curies":[{"name":"wp","href":"https:\/\/api.w.org\/{rel}","templated":true}]}}