{"id":34817,"date":"2021-06-29T14:02:39","date_gmt":"2021-06-29T12:02:39","guid":{"rendered":"http:\/\/iuzb.de\/?p=34817"},"modified":"2021-06-29T14:16:26","modified_gmt":"2021-06-29T12:16:26","slug":"zaek-berlin","status":"publish","type":"post","link":"https:\/\/iuzb.de\/?p=34817","title":{"rendered":"Zahn\u00e4rztekammer Berlin ist jetzt auch auf facebook vertreten"},"content":{"rendered":"<p><a href=\"https:\/\/www.kzv-berlin.de\/fileadmin\/user_upload\/Praxis-Service\/3_Publikationen\/2_MBZ\/2021\/MBZ_07-8_2021.pdf\" target=\"_blank\" rel=\"noopener\">MBZ 07\/08 2021, Seite 17<\/a>:<\/p>\n<p>Aus der Delegiertenversammlung vom 27. Mai 2021.<\/p>\n<p>Vizepr\u00e4sidentin Barbara Plaster:<\/p>\n<blockquote><p>\u201eInzwischen sind wir mit der Kammer auf Facebook vertreten. Ich bin sehr gl\u00fccklich dar\u00fcber, dass der Vorstand positiv dar\u00fcber abgestimmt hat, und w\u00fcrde Sie alle bitten, mal auf die Seite zu gehen.\u201c<\/p><\/blockquote>\n<p style=\"text-align: center;\"><a href=\"https:\/\/www.facebook.com\/Zahn%C3%A4rztekammer-Berlin-1182669335207242\/?ref=py_c\" target=\"_blank\" rel=\"noopener\"><span style=\"font-size: 14pt;\">Facebook &#8211; Zahn\u00e4rztekammer Berlin<\/span><\/a><\/p>\n<blockquote><p>Zahn\u00e4rztekammer Berlin<br \/>\nEr\u00f6ffnungsposting am 17. Mai 2021:<br \/>\nWillkommen auf der Facebook Fanpage der Zahn\u00e4rztekammer Berlin &#8211; eine Plattform f\u00fcr Wissenswertes aus der Zahnmedizin f\u00fcr die Berliner Zahn\u00e4rztinnen und Zahn\u00e4rzte.<br \/>\nWir freuen uns auf den Austausch mit Ihnen!<\/p><\/blockquote>\n","protected":false},"excerpt":{"rendered":"<p>MBZ 07\/08 2021, Seite 17: Aus der Delegiertenversammlung vom 27. Mai 2021. Vizepr\u00e4sidentin Barbara Plaster: \u201eInzwischen sind wir mit der Kammer auf Facebook vertreten. Ich bin sehr gl\u00fccklich dar\u00fcber, dass [&#8230;]<\/p>\n","protected":false},"author":13,"featured_media":0,"comment_status":"open","ping_status":"closed","sticky":false,"template":"","format":"standard","meta":{"ngg_post_thumbnail":0,"iawp_total_views":2,"footnotes":""},"categories":[108,46],"tags":[],"class_list":["post-34817","post","type-post","status-publish","format-standard","hentry","category-datenschutz-und-informationsfreiheit","category-zahnaerztekammer-berlin"],"_links":{"self":[{"href":"https:\/\/iuzb.de\/index.php?rest_route=\/wp\/v2\/posts\/34817","targetHints":{"allow":["GET"]}}],"collection":[{"href":"https:\/\/iuzb.de\/index.php?rest_route=\/wp\/v2\/posts"}],"about":[{"href":"https:\/\/iuzb.de\/index.php?rest_route=\/wp\/v2\/types\/post"}],"author":[{"embeddable":true,"href":"https:\/\/iuzb.de\/index.php?rest_route=\/wp\/v2\/users\/13"}],"replies":[{"embeddable":true,"href":"https:\/\/iuzb.de\/index.php?rest_route=%2Fwp%2Fv2%2Fcomments&post=34817"}],"version-history":[{"count":6,"href":"https:\/\/iuzb.de\/index.php?rest_route=\/wp\/v2\/posts\/34817\/revisions"}],"predecessor-version":[{"id":34823,"href":"https:\/\/iuzb.de\/index.php?rest_route=\/wp\/v2\/posts\/34817\/revisions\/34823"}],"wp:attachment":[{"href":"https:\/\/iuzb.de\/index.php?rest_route=%2Fwp%2Fv2%2Fmedia&parent=34817"}],"wp:term":[{"taxonomy":"category","embeddable":true,"href":"https:\/\/iuzb.de\/index.php?rest_route=%2Fwp%2Fv2%2Fcategories&post=34817"},{"taxonomy":"post_tag","embeddable":true,"href":"https:\/\/iuzb.de\/index.php?rest_route=%2Fwp%2Fv2%2Ftags&post=34817"}],"curies":[{"name":"wp","href":"https:\/\/api.w.org\/{rel}","templated":true}]}}