{"id":34793,"date":"2021-06-29T13:28:33","date_gmt":"2021-06-29T11:28:33","guid":{"rendered":"http:\/\/iuzb.de\/?p=34793"},"modified":"2021-10-31T19:00:24","modified_gmt":"2021-10-31T18:00:24","slug":"patientensicherheit-bei-aligner-behandlungen","status":"publish","type":"post","link":"https:\/\/iuzb.de\/?p=34793","title":{"rendered":"Patientensicherheit bei Aligner-Behandlungen"},"content":{"rendered":"<p>Aus der <a href=\"https:\/\/iuzb.de\/?p=34398\" target=\"_blank\" rel=\"noopener\">Bundesversammlung der Bundeszahn\u00e4rztekammer vom 04\/05. Juni 2021<\/a>:<\/p>\n<table>\n<tbody>\n<tr>\n<td>TOP-Nr.<\/td>\n<td>:<\/td>\n<td>7.2<\/td>\n<\/tr>\n<tr>\n<td>Antrag \u2013 Nr.:<\/td>\n<td>:<\/td>\n<td>2<\/td>\n<\/tr>\n<tr>\n<td>Betr.:<\/td>\n<td>:<\/td>\n<td><strong>Patientensicherheit bei Aligner-Behandlungen<\/strong><\/td>\n<\/tr>\n<tr>\n<td>Antragsteller<\/td>\n<td>:<\/td>\n<td>Vorstand der Bundeszahn\u00e4rztekammer<\/td>\n<\/tr>\n<tr>\n<td>Haushaltsauswirkungen<\/td>\n<td>:<\/td>\n<td>Keine<\/td>\n<\/tr>\n<\/tbody>\n<\/table>\n<p><span style=\"text-decoration: underline;\">Wortlaut:<\/span><\/p>\n<p style=\"text-align: justify;\"><strong>Die Bundesversammlung der Bundeszahn\u00e4rztekammer fordert den Gesetzgeber auf, zum Schutz der Patienten und zur Sicherung der Qualit\u00e4t die zahn\u00e4rztliche Behandlung in rein gewerblichen Unternehmen (z.B. Aligner-Start-Ups) jenseits der f\u00fcr Zahn\u00e4rztinnen und Zahn\u00e4rzte ausdr\u00fccklich zugelassenen Berufsaus\u00fcbungs- und Gesellschaftsformen auszuschlie\u00dfen.<\/strong><\/p>\n<p><span style=\"text-decoration: underline;\">Begr\u00fcndung:<\/span><\/p>\n<p><em>\u00a0\u2013 hier nicht wiedergegeben \u2013<\/em><\/p>\n<p>Abstimmungsergebnis:<\/p>\n<p><strong>Daf\u00fcr: einstimmig<\/strong><\/p>\n<p>Dagegen: 0<\/p>\n<p>Enthaltungen: 0<\/p>\n","protected":false},"excerpt":{"rendered":"<p>Aus der Bundesversammlung der Bundeszahn\u00e4rztekammer vom 04\/05. Juni 2021: TOP-Nr. : 7.2 Antrag \u2013 Nr.: : 2 Betr.: : Patientensicherheit bei Aligner-Behandlungen Antragsteller : Vorstand der Bundeszahn\u00e4rztekammer Haushaltsauswirkungen : Keine [&#8230;]<\/p>\n","protected":false},"author":8,"featured_media":0,"comment_status":"open","ping_status":"closed","sticky":false,"template":"","format":"standard","meta":{"ngg_post_thumbnail":0,"iawp_total_views":3,"footnotes":""},"categories":[286,305,121,188],"tags":[],"class_list":["post-34793","post","type-post","status-publish","format-standard","hentry","category-aligner","category-bundesversammlung","category-bzaek","category-medizin"],"_links":{"self":[{"href":"https:\/\/iuzb.de\/index.php?rest_route=\/wp\/v2\/posts\/34793","targetHints":{"allow":["GET"]}}],"collection":[{"href":"https:\/\/iuzb.de\/index.php?rest_route=\/wp\/v2\/posts"}],"about":[{"href":"https:\/\/iuzb.de\/index.php?rest_route=\/wp\/v2\/types\/post"}],"author":[{"embeddable":true,"href":"https:\/\/iuzb.de\/index.php?rest_route=\/wp\/v2\/users\/8"}],"replies":[{"embeddable":true,"href":"https:\/\/iuzb.de\/index.php?rest_route=%2Fwp%2Fv2%2Fcomments&post=34793"}],"version-history":[{"count":3,"href":"https:\/\/iuzb.de\/index.php?rest_route=\/wp\/v2\/posts\/34793\/revisions"}],"predecessor-version":[{"id":34801,"href":"https:\/\/iuzb.de\/index.php?rest_route=\/wp\/v2\/posts\/34793\/revisions\/34801"}],"wp:attachment":[{"href":"https:\/\/iuzb.de\/index.php?rest_route=%2Fwp%2Fv2%2Fmedia&parent=34793"}],"wp:term":[{"taxonomy":"category","embeddable":true,"href":"https:\/\/iuzb.de\/index.php?rest_route=%2Fwp%2Fv2%2Fcategories&post=34793"},{"taxonomy":"post_tag","embeddable":true,"href":"https:\/\/iuzb.de\/index.php?rest_route=%2Fwp%2Fv2%2Ftags&post=34793"}],"curies":[{"name":"wp","href":"https:\/\/api.w.org\/{rel}","templated":true}]}}