{"id":34781,"date":"2021-06-29T12:35:30","date_gmt":"2021-06-29T10:35:30","guid":{"rendered":"http:\/\/iuzb.de\/?p=34781"},"modified":"2021-10-31T19:02:27","modified_gmt":"2021-10-31T18:02:27","slug":"ablehung-der-ti-2-0","status":"publish","type":"post","link":"https:\/\/iuzb.de\/?p=34781","title":{"rendered":"Ablehung der TI 2.0"},"content":{"rendered":"<p>Aus der <a href=\"https:\/\/iuzb.de\/?p=34398\" target=\"_blank\" rel=\"noopener\">Bundesversammlung der Bundeszahn\u00e4rztekammer vom 04\/05. Juni 2021<\/a>:<\/p>\n<table style=\"width: 100%;\">\n<tbody>\n<tr>\n<td style=\"width: 31.2857%;\">TOP-Nr.<\/td>\n<td style=\"width: 6.42859%;\">:<\/td>\n<td style=\"width: 62.2857%;\">7.7<\/td>\n<\/tr>\n<tr>\n<td style=\"width: 31.2857%;\">Antrag \u2013 Nr.:<\/td>\n<td style=\"width: 6.42859%;\">:<\/td>\n<td style=\"width: 62.2857%;\">1<\/td>\n<\/tr>\n<tr>\n<td style=\"width: 31.2857%;\">Betr.:<\/td>\n<td style=\"width: 6.42859%;\">:<\/td>\n<td style=\"width: 62.2857%;\"><strong>TI 2.0<\/strong><\/td>\n<\/tr>\n<tr>\n<td style=\"width: 31.2857%;\">Antragsteller<\/td>\n<td style=\"width: 6.42859%;\">:<\/td>\n<td style=\"width: 62.2857%;\">Vorstand der Bundeszahn\u00e4rztekammer<\/td>\n<\/tr>\n<tr>\n<td style=\"width: 31.2857%;\">Haushaltsauswirkungen<\/td>\n<td style=\"width: 6.42859%;\">:<\/td>\n<td style=\"width: 62.2857%;\">Keine<\/td>\n<\/tr>\n<\/tbody>\n<\/table>\n<p><span style=\"text-decoration: underline;\">Wortlaut:<\/span><\/p>\n<p style=\"text-align: justify;\"><strong>Die Bundesversammlung der Bundeszahn\u00e4rztekammer lehnt den \u00dcbergang zur TI 2.0 1 zum jetzigen Zeitpunkt ab.<\/strong><\/p>\n<p><span style=\"text-decoration: underline;\">Begr\u00fcndung:<\/span><\/p>\n<p style=\"text-align: justify;\">Wir befinden uns aktuell (Juni 2021) im Aufbau der TI 1.0.<\/p>\n<p style=\"text-align: justify;\">Funktionsf\u00e4hig ist zurzeit das Versichertenstammdatenmanagement (VSDM). Die Anwendungen Notfalldatenmanagement (NFDM), elektronischer Medikationsplan (eMP) und Kommunikation im Medizinwesen (KIM) finden erst langsam Verbreitung. Die elektronische Patientenakte (ePA), das elektronische Rezept und die elektronische Arbeitsunf\u00e4higkeitsbescheinigung (eAU) sind noch in der Erprobung bzw. sollen, beginnend ab 10 dem 1. Juli 2021, ausgerollt werden.<\/p>\n<p style=\"text-align: justify;\">F\u00fcr die TI 2.0 sieht die gematik einen Verzicht auf den Hardware-Konnektor und auf die VPN-Verbindung an die TI vor. Alle Anwendungen sollen dann universell \u00fcber das Internet erreichbar sein.<\/p>\n<p style=\"text-align: justify;\">Der Einsatz von elektronischem Heilberufsausweis (HBA) und elektronischer Gesundheitskarte (eGK) ist weiterhin geplant, k\u00f6nnte langfristig aber in Frage gestellt werden (Anlage 1). Damit dies nicht eine erhebliche Absenkung des Sicherheitsniveaus in der TI nach sich zieht, m\u00fcssen die Sicherheitsaspekte dieser Ma\u00dfnahmen ausreichend gepr\u00fcft und bewertet werden.<\/p>\n<p style=\"text-align: justify;\">Erste Vorgaben zur Weiterentwicklung der TI hat das BMG im Entwurf f\u00fcr das Digitale-Versorgung-und-Pflege-Modernisierungs-Gesetz (DVPMG) gemacht (siehe Anlage 2). Die Bundeszahn\u00e4rztekammer und die Kassenzahn\u00e4rztliche Bundesvereinigung haben hierzu kritisch Stellung genommen (Anlage 3).<\/p>\n<p style=\"text-align: justify;\">Grunds\u00e4tzlich ist das Anliegen des Gesetzgebers, die Telematikinfrastruktur zu verschlanken und zu vereinfachen, zu begr\u00fc\u00dfen. Allerdings sollte hier aus o. g. Gr\u00fcnden jeglicher Zeitdruck vermieden werden.<\/p>\n<p style=\"text-align: justify;\">Die Zahn\u00e4rzteschaft bietet ihre Mitarbeit bei der Weiterentwicklung der Telematikinfrastruktur an.<\/p>\n<p><span style=\"text-decoration: underline;\">Abstimmungsergebnis:<\/span><\/p>\n<p><strong>Daf\u00fcr: einstimmig<\/strong><\/p>\n<p>Dagegen:<\/p>\n<p>Enthaltungen: wenige<\/p>\n","protected":false},"excerpt":{"rendered":"<p>Aus der Bundesversammlung der Bundeszahn\u00e4rztekammer vom 04\/05. Juni 2021: TOP-Nr. : 7.7 Antrag \u2013 Nr.: : 1 Betr.: : TI 2.0 Antragsteller : Vorstand der Bundeszahn\u00e4rztekammer Haushaltsauswirkungen : Keine Wortlaut: [&#8230;]<\/p>\n","protected":false},"author":8,"featured_media":0,"comment_status":"open","ping_status":"closed","sticky":false,"template":"","format":"standard","meta":{"ngg_post_thumbnail":0,"iawp_total_views":2,"footnotes":""},"categories":[305,121,252],"tags":[],"class_list":["post-34781","post","type-post","status-publish","format-standard","hentry","category-bundesversammlung","category-bzaek","category-telematik"],"_links":{"self":[{"href":"https:\/\/iuzb.de\/index.php?rest_route=\/wp\/v2\/posts\/34781","targetHints":{"allow":["GET"]}}],"collection":[{"href":"https:\/\/iuzb.de\/index.php?rest_route=\/wp\/v2\/posts"}],"about":[{"href":"https:\/\/iuzb.de\/index.php?rest_route=\/wp\/v2\/types\/post"}],"author":[{"embeddable":true,"href":"https:\/\/iuzb.de\/index.php?rest_route=\/wp\/v2\/users\/8"}],"replies":[{"embeddable":true,"href":"https:\/\/iuzb.de\/index.php?rest_route=%2Fwp%2Fv2%2Fcomments&post=34781"}],"version-history":[{"count":7,"href":"https:\/\/iuzb.de\/index.php?rest_route=\/wp\/v2\/posts\/34781\/revisions"}],"predecessor-version":[{"id":34791,"href":"https:\/\/iuzb.de\/index.php?rest_route=\/wp\/v2\/posts\/34781\/revisions\/34791"}],"wp:attachment":[{"href":"https:\/\/iuzb.de\/index.php?rest_route=%2Fwp%2Fv2%2Fmedia&parent=34781"}],"wp:term":[{"taxonomy":"category","embeddable":true,"href":"https:\/\/iuzb.de\/index.php?rest_route=%2Fwp%2Fv2%2Fcategories&post=34781"},{"taxonomy":"post_tag","embeddable":true,"href":"https:\/\/iuzb.de\/index.php?rest_route=%2Fwp%2Fv2%2Ftags&post=34781"}],"curies":[{"name":"wp","href":"https:\/\/api.w.org\/{rel}","templated":true}]}}